{"id":29271,"date":"2025-04-21T10:00:22","date_gmt":"2025-04-21T10:00:22","guid":{"rendered":"https:\/\/ikimisli.tr\/?p=29271"},"modified":"2025-04-21T10:00:22","modified_gmt":"2025-04-21T10:00:22","slug":"fransada-eski-basbakani-gorevinden-eden-karar-sonunda-verildi","status":"publish","type":"post","link":"https:\/\/ikimisli.tr\/index.php\/2025\/04\/21\/fransada-eski-basbakani-gorevinden-eden-karar-sonunda-verildi\/","title":{"rendered":"Fransa&#8217;da eski ba\u015fbakan\u0131 g\u00f6revinden eden karar, sonunda verildi"},"content":{"rendered":"<p>Fransa Ba\u015fbakan\u0131 Fran\u00e7ois Bayrou, \u00c7ar\u015famba g\u00fcn\u00fc parlamentoda yap\u0131lan iki gensoru oylamas\u0131n\u0131 misyondan al\u0131nmadan atlatarak \u00fclkenin a\u011f\u0131r bor\u00e7 y\u00fck\u00fcn\u00fc azaltmay\u0131 hedefleyen 2025 b\u00fct\u00e7esinin kabul edilmesinin \u00f6n\u00fcn\u00fc a\u00e7t\u0131.<\/p>\n<p>Uzun m\u00fcddettir ertelenen b\u00fct\u00e7e tasar\u0131s\u0131, h\u00fck\u00fcmetin ekonomik istikrar\u0131 sa\u011flama eforunun merkezinde yer al\u0131yor. Daha evvel 2025 b\u00fct\u00e7esini ge\u00e7irmek i\u00e7in Frans\u0131z Anayasas\u0131\u2019n\u0131n 49.3 unsurunu devreye sokarak parlamentoda oylama yap\u0131lmadan maddeyi kabul ettirmeyi deneyen iki farkl\u0131 ba\u015fbakan, gensoru oylamalar\u0131 sebebiyle vazifeden al\u0131nm\u0131\u015ft\u0131.<\/p>\n<p>A\u015f\u0131r\u0131 sa\u011fc\u0131 Ulusal Cephe ve merkez sol Sosyalist Parti, \u00f6nergeyi desteklemeyerek Bayrou h\u00fck\u00fcmetinin ayakta kalmas\u0131n\u0131 sa\u011flad\u0131.<\/p>\n<p><b>BAYROU \u015e\u0130MD\u0130 RAHAT DE\u011e\u0130L<\/b><\/p>\n<p>\u0130lk oylamada 128 milletvekili Bayrou&#8217;nun vazifeden al\u0131nmas\u0131 istikametinde oy kullan\u0131rken, ikinci oylamada bu say\u0131 122\u2019de kald\u0131. H\u00fck\u00fcmetin d\u00fc\u015fmesi i\u00e7in en az 289 oy gerekiyordu.<\/p>\n<p>Ulusal Cephe ve Sosyalist Parti, Fransa\u2019n\u0131n bir b\u00fct\u00e7eye muhta\u00e7l\u0131\u011f\u0131 oldu\u011funu belirterek gensoruyu desteklemediklerini a\u00e7\u0131klad\u0131.<\/p>\n<p>Ancak Sosyalistler, Bayrou\u2019nun g\u00f6\u00e7menler hakk\u0131nda yapt\u0131\u011f\u0131 a\u00e7\u0131klamalar nedeniyle ilerleyen s\u00fcre\u00e7te farkl\u0131 bir gensoru \u00f6nergesi sunacaklar\u0131n\u0131 duyurdu.<\/p>\n<p>Bayrou, bir\u00e7ok Frans\u0131z\u2019\u0131n &#8220;g\u00f6\u00e7 taraf\u0131ndan ku\u015fat\u0131ld\u0131\u011f\u0131n\u0131&#8221; hissetti\u011fini s\u00f6ylemi\u015f, gelen reaksiyonlara kar\u015f\u0131n kelamlar\u0131n\u0131 savunmu\u015ftu.<\/p>\n<p><b>FRANSA&#8217;DA S\u0130YAS\u0130 GERG\u0130NL\u0130K<\/b><\/p>\n<p>Fransa, Cumhurba\u015fkan\u0131 Emmanuel Macron\u2019un Haziran ay\u0131nda s\u00fcrpriz erken se\u00e7im karar\u0131 almas\u0131n\u0131n akabinde siyasi istikrars\u0131zl\u0131\u011f\u0131 s\u00fcr\u00fcklendi.<\/p>\n<p>Se\u00e7imler, hi\u00e7bir partinin \u00e7o\u011funlu\u011fu elde edemedi\u011fi b\u00f6l\u00fcnm\u00fc\u015f bir parlamento ortaya \u00e7\u0131kard\u0131. B\u00fct\u00e7e tart\u0131\u015fmalar\u0131, piyasalar\u0131 sarsarken Bayrou\u2019nun selefi Michel Barnier\u2019nin \u00fc\u00e7 ay i\u00e7inde istifas\u0131na neden olmu\u015ftu.<\/p>\n<p>Bayrou, b\u00fct\u00e7eyi ge\u00e7irebilmek i\u00e7in sol ve \u00e7ok sa\u011f partilere mali \u00f6d\u00fcnler vermek zorunda kald\u0131. &#8220;Bu b\u00fct\u00e7e kusursuz de\u011fil. Lakin \u00fclkemiz b\u00fct\u00e7esiz ya\u015fayamaz,&#8221; dedi.<\/p>\n<p>Maliye Bakan\u0131 Eric Lombard ise gensoru te\u015febb\u00fcs\u00fcn\u00fcn ba\u015far\u0131s\u0131z olmas\u0131n\u0131n &#8220;Fransa i\u00e7in olumlu bir geli\u015fme&#8221; oldu\u011funu belirtti.\u00a0<\/p>\n","protected":false},"excerpt":{"rendered":"<p>Fransa Ba\u015fbakan\u0131 Fran\u00e7ois Bayrou, parlamentoda yap\u0131lan iki gensoru oylamas\u0131n\u0131 atlatarak misyonda kald\u0131. B\u00fct\u00e7e krizinin siyasi istikrars\u0131zl\u0131\u011f\u0131 derinle\u015ftirdi\u011fi \u00fclkede, Bayrou h\u00fck\u00fcmeti ayakta kalabilmek i\u00e7in hem sol hem de \u00e7ok sa\u011fa \u00f6d\u00fcnler vermek zorunda kald\u0131.<\/p>\n","protected":false},"author":1,"featured_media":29272,"comment_status":"open","ping_status":"open","sticky":false,"template":"","format":"standard","meta":{"footnotes":""},"categories":[43],"tags":[362,864,5018,5017],"class_list":["post-29271","post","type-post","status-publish","format-standard","has-post-thumbnail","hentry","category-dunya","tag-butce","tag-fransa","tag-gensoru","tag-oylama"],"_links":{"self":[{"href":"https:\/\/ikimisli.tr\/index.php\/wp-json\/wp\/v2\/posts\/29271","targetHints":{"allow":["GET"]}}],"collection":[{"href":"https:\/\/ikimisli.tr\/index.php\/wp-json\/wp\/v2\/posts"}],"about":[{"href":"https:\/\/ikimisli.tr\/index.php\/wp-json\/wp\/v2\/types\/post"}],"author":[{"embeddable":true,"href":"https:\/\/ikimisli.tr\/index.php\/wp-json\/wp\/v2\/users\/1"}],"replies":[{"embeddable":true,"href":"https:\/\/ikimisli.tr\/index.php\/wp-json\/wp\/v2\/comments?post=29271"}],"version-history":[{"count":1,"href":"https:\/\/ikimisli.tr\/index.php\/wp-json\/wp\/v2\/posts\/29271\/revisions"}],"predecessor-version":[{"id":29273,"href":"https:\/\/ikimisli.tr\/index.php\/wp-json\/wp\/v2\/posts\/29271\/revisions\/29273"}],"wp:featuredmedia":[{"embeddable":true,"href":"https:\/\/ikimisli.tr\/index.php\/wp-json\/wp\/v2\/media\/29272"}],"wp:attachment":[{"href":"https:\/\/ikimisli.tr\/index.php\/wp-json\/wp\/v2\/media?parent=29271"}],"wp:term":[{"taxonomy":"category","embeddable":true,"href":"https:\/\/ikimisli.tr\/index.php\/wp-json\/wp\/v2\/categories?post=29271"},{"taxonomy":"post_tag","embeddable":true,"href":"https:\/\/ikimisli.tr\/index.php\/wp-json\/wp\/v2\/tags?post=29271"}],"curies":[{"name":"wp","href":"https:\/\/api.w.org\/{rel}","templated":true}]}}