{"id":29334,"date":"2025-04-21T13:48:06","date_gmt":"2025-04-21T13:48:06","guid":{"rendered":"https:\/\/ikimisli.tr\/?p=29334"},"modified":"2025-04-21T13:48:06","modified_gmt":"2025-04-21T13:48:06","slug":"alacam-yaylasi-kisin-buyuleyici-guzelligiyle-goz-kamastirdi","status":"publish","type":"post","link":"https:\/\/ikimisli.tr\/index.php\/2025\/04\/21\/alacam-yaylasi-kisin-buyuleyici-guzelligiyle-goz-kamastirdi\/","title":{"rendered":"Ala\u00e7am Yaylas\u0131 k\u0131\u015f\u0131n b\u00fcy\u00fcleyici g\u00fczelli\u011fiyle g\u00f6z kama\u015ft\u0131rd\u0131"},"content":{"rendered":"<p>Ala\u00e7am il\u00e7esindeki 1000 rak\u0131ml\u0131 K\u0131zlan Yaylas\u0131&#8217;nda kar ya\u011f\u0131\u015f\u0131 tesirli oldu. 2 g\u00fcnd\u00fcr s\u00fcren kar ya\u011f\u0131\u015f\u0131 ile birlikte ba\u015fta yayla olmak \u00fczere orman, yol ve da\u011flar beyaza b\u00fcr\u00fcnd\u00fc.<\/p>\n<p>Ortaya \u00e7\u0131kan g\u00f6r\u00fcn\u00fcm havadan g\u00f6r\u00fcnt\u00fclendi. <\/p>\n","protected":false},"excerpt":{"rendered":"<p>Samsun&#8217;un bilinmeyen kalm\u0131\u015f do\u011fal ho\u015fluklar\u0131ndan biri olan Ala\u00e7am Yaylas\u0131, kar ya\u011f\u0131\u015f\u0131yla birlikte adeta masals\u0131 bir atmosfere b\u00fcr\u00fcnd\u00fc. Havadan \u00e7ekilen imajlar, tabiat\u0131n sundu\u011fu bu e\u015fsiz g\u00f6r\u00fcnt\u00fcy\u00fc g\u00f6zler \u00f6n\u00fcne seriyor.<\/p>\n","protected":false},"author":1,"featured_media":29335,"comment_status":"open","ping_status":"open","sticky":false,"template":"","format":"standard","meta":{"footnotes":""},"categories":[44],"tags":[],"class_list":["post-29334","post","type-post","status-publish","format-standard","has-post-thumbnail","hentry","category-yasam"],"_links":{"self":[{"href":"https:\/\/ikimisli.tr\/index.php\/wp-json\/wp\/v2\/posts\/29334","targetHints":{"allow":["GET"]}}],"collection":[{"href":"https:\/\/ikimisli.tr\/index.php\/wp-json\/wp\/v2\/posts"}],"about":[{"href":"https:\/\/ikimisli.tr\/index.php\/wp-json\/wp\/v2\/types\/post"}],"author":[{"embeddable":true,"href":"https:\/\/ikimisli.tr\/index.php\/wp-json\/wp\/v2\/users\/1"}],"replies":[{"embeddable":true,"href":"https:\/\/ikimisli.tr\/index.php\/wp-json\/wp\/v2\/comments?post=29334"}],"version-history":[{"count":1,"href":"https:\/\/ikimisli.tr\/index.php\/wp-json\/wp\/v2\/posts\/29334\/revisions"}],"predecessor-version":[{"id":29336,"href":"https:\/\/ikimisli.tr\/index.php\/wp-json\/wp\/v2\/posts\/29334\/revisions\/29336"}],"wp:featuredmedia":[{"embeddable":true,"href":"https:\/\/ikimisli.tr\/index.php\/wp-json\/wp\/v2\/media\/29335"}],"wp:attachment":[{"href":"https:\/\/ikimisli.tr\/index.php\/wp-json\/wp\/v2\/media?parent=29334"}],"wp:term":[{"taxonomy":"category","embeddable":true,"href":"https:\/\/ikimisli.tr\/index.php\/wp-json\/wp\/v2\/categories?post=29334"},{"taxonomy":"post_tag","embeddable":true,"href":"https:\/\/ikimisli.tr\/index.php\/wp-json\/wp\/v2\/tags?post=29334"}],"curies":[{"name":"wp","href":"https:\/\/api.w.org\/{rel}","templated":true}]}}