{"id":29357,"date":"2025-04-21T15:12:10","date_gmt":"2025-04-21T15:12:10","guid":{"rendered":"https:\/\/ikimisli.tr\/?p=29357"},"modified":"2025-04-21T15:12:10","modified_gmt":"2025-04-21T15:12:10","slug":"yangin-faciasi-sonrasi-gozlerin-cevrildigi-bakan-ersoy-anahtar-teslim-torenine-katilacak","status":"publish","type":"post","link":"https:\/\/ikimisli.tr\/index.php\/2025\/04\/21\/yangin-faciasi-sonrasi-gozlerin-cevrildigi-bakan-ersoy-anahtar-teslim-torenine-katilacak\/","title":{"rendered":"Yang\u0131n facias\u0131 sonras\u0131 g\u00f6zlerin \u00e7evrildi\u011fi Bakan Ersoy anahtar teslim t\u00f6renine kat\u0131lacak"},"content":{"rendered":"<p>Bolu&#8217;da 78 ki\u015finin hayat\u0131n\u0131 kaybetti\u011fi otel yang\u0131n\u0131 sonras\u0131nda bakanl\u0131\u011f\u0131n oteli denetlemedi\u011fi gerek\u00e7esiyle ele\u015ftirilen K\u00fclt\u00fcr ve Turizm Bakan\u0131 Mehmet Nuri Ersoy, bug\u00fcn Malatya ve Elaz\u0131\u011f\u2019da bir dizin ziyaret ger\u00e7ekle\u015ftirecek. Ersoy, Malatya\u2019da a\u00e7\u0131l\u0131\u015f merasimine ve zelzelede hayatlar\u0131n\u0131 kaybeden vatanda\u015flar\u0131n mezarlar\u0131n\u0131 ziyaret edecek. Malatya\u2019n\u0131n akabinde Elaz\u0131\u011f\u2019da ise Elaz\u0131\u011f Valisi Numan Hatipo\u011flu\u2019nu ziyaret edecek.<\/p>\n<p>Bolu Kartalkaya&#8217;da 78 ki\u015finin hayat\u0131n\u0131 yitirdi\u011fi Grand Kartal Otel yang\u0131n\u0131, sonras\u0131nda muhalefetin yans\u0131s\u0131n\u0131n yan\u0131s\u0131ra\u00a0 iktidara yak\u0131n isimlerin de ele\u015ftirdi\u011fi K\u00fclt\u00fcr ve Turizm Bakan\u0131 Mehmet Nuri Ersoy, yang\u0131n facias\u0131 sonras\u0131nda birinci ziyaretini 6 \u015eubat sars\u0131nt\u0131lar\u0131n\u0131n y\u0131ld\u00f6n\u00fcm\u00fc vesilesiyle Malatya ve Elaz\u0131\u011f\u2019a yapacak. Bakan Ersoy, yang\u0131n facias\u0131 sonras\u0131nda tenkitlere kar\u015f\u0131n uzun m\u00fcddet sessizli\u011fini korumu\u015ftu.<\/p>\n<p><b><strong>ANAHTAR TESL\u0130M MERAS\u0130M\u0130NE KATILACAK<\/strong><\/b><\/p>\n<p>Malatya\u2019daki program\u0131, saat 11.00\u2019de Kent Mezarl\u0131\u011f\u0131\u2019nda ger\u00e7ekle\u015ftirilecek Sars\u0131nt\u0131 \u015eehitleri Kabir Ziyareti ile ba\u015flayacak. Burada hayat\u0131n\u0131 kaybeden vatanda\u015flar i\u00e7in dualar okunacak ve anma merasimi d\u00fczenlenecek. Ersoy, anma merasimin akabinde zelzele sonras\u0131 yap\u0131lan TOK\u0130 konutlar\u0131n\u0131n anahtar teslim merasimine kat\u0131lacak. Merasime Cumhurba\u015fkan\u0131 ve AKP Genel Ba\u015fkan\u0131 Recep Tayyip Erdo\u011fan\u2019\u0131n da canl\u0131 ili\u015fkiyle kat\u0131larak Malatyal\u0131lara hitap edece\u011fi \u00f6\u011frenildi.<\/p>\n<p><b><strong>A\u00c7ILI\u015e VE TOPLANTILARA KATILMIYORDU\u00a0<\/strong><\/b><\/p>\n<p>Bolu Kartalkaya yang\u0131n facias\u0131 sonras\u0131nda programlar\u0131n\u0131 iptal eden K\u00fclt\u00fcr ve Turizm Bakan\u0131 Mehmet Nuri Ersoy, Memleketler aras\u0131 Do\u011fu Akdeniz Turizm Fuar\u0131 \u2013 EMITT\u2019in a\u00e7\u0131l\u0131\u015f\u0131na kat\u0131lmam\u0131\u015ft\u0131. Yaln\u0131zca Cumhurba\u015fkan\u0131 ve AKP Genel Ba\u015fkan\u0131 Recep Tayyip Erdo\u011fan\u2019\u0131n programlar\u0131nda g\u00f6r\u00fcnen Ersoy, Antalya\u2019da d\u00fczenlenmesi planlanan ve y\u0131l sonu say\u0131lar\u0131n\u0131n a\u00e7\u0131klanaca\u011f\u0131 toplant\u0131y\u0131 da son anda iptal etmi\u015fti<\/p>\n","protected":false},"excerpt":{"rendered":"<p>Bolu&#8217;da 78 ki\u015finin hayat\u0131n\u0131 kaybetti\u011fi otel yang\u0131n\u0131 sonras\u0131nda bakanl\u0131\u011f\u0131n oteli denetlemedi\u011fi gerek\u00e7esiyle ele\u015ftirilen \u00a0 K\u00fclt\u00fcr ve Turizm Bakan\u0131 Mehmet Nuri Ersoy, bug\u00fcn Malatya ve Elaz\u0131\u011f\u2019da bir dizin ziyaret ger\u00e7ekle\u015ftirecek.<\/p>\n","protected":false},"author":1,"featured_media":29358,"comment_status":"open","ping_status":"open","sticky":false,"template":"","format":"standard","meta":{"footnotes":""},"categories":[25],"tags":[262,1830,5015,5027,64],"class_list":["post-29357","post","type-post","status-publish","format-standard","has-post-thumbnail","hentry","category-gundem","tag-bakan","tag-ersoy","tag-malatya","tag-toreni","tag-yangin"],"_links":{"self":[{"href":"https:\/\/ikimisli.tr\/index.php\/wp-json\/wp\/v2\/posts\/29357","targetHints":{"allow":["GET"]}}],"collection":[{"href":"https:\/\/ikimisli.tr\/index.php\/wp-json\/wp\/v2\/posts"}],"about":[{"href":"https:\/\/ikimisli.tr\/index.php\/wp-json\/wp\/v2\/types\/post"}],"author":[{"embeddable":true,"href":"https:\/\/ikimisli.tr\/index.php\/wp-json\/wp\/v2\/users\/1"}],"replies":[{"embeddable":true,"href":"https:\/\/ikimisli.tr\/index.php\/wp-json\/wp\/v2\/comments?post=29357"}],"version-history":[{"count":1,"href":"https:\/\/ikimisli.tr\/index.php\/wp-json\/wp\/v2\/posts\/29357\/revisions"}],"predecessor-version":[{"id":29359,"href":"https:\/\/ikimisli.tr\/index.php\/wp-json\/wp\/v2\/posts\/29357\/revisions\/29359"}],"wp:featuredmedia":[{"embeddable":true,"href":"https:\/\/ikimisli.tr\/index.php\/wp-json\/wp\/v2\/media\/29358"}],"wp:attachment":[{"href":"https:\/\/ikimisli.tr\/index.php\/wp-json\/wp\/v2\/media?parent=29357"}],"wp:term":[{"taxonomy":"category","embeddable":true,"href":"https:\/\/ikimisli.tr\/index.php\/wp-json\/wp\/v2\/categories?post=29357"},{"taxonomy":"post_tag","embeddable":true,"href":"https:\/\/ikimisli.tr\/index.php\/wp-json\/wp\/v2\/tags?post=29357"}],"curies":[{"name":"wp","href":"https:\/\/api.w.org\/{rel}","templated":true}]}}