{"id":29363,"date":"2025-04-21T15:36:11","date_gmt":"2025-04-21T15:36:11","guid":{"rendered":"https:\/\/ikimisli.tr\/?p=29363"},"modified":"2025-04-21T15:36:11","modified_gmt":"2025-04-21T15:36:11","slug":"hatayda-iscilerin-kaldigi-okul-insaatinda-konteynerler-yandi","status":"publish","type":"post","link":"https:\/\/ikimisli.tr\/index.php\/2025\/04\/21\/hatayda-iscilerin-kaldigi-okul-insaatinda-konteynerler-yandi\/","title":{"rendered":"Hatay&#8217;da i\u015f\u00e7ilerin kald\u0131\u011f\u0131 okul in\u015faat\u0131nda konteynerler yand\u0131"},"content":{"rendered":"<p>Hatay&#8217;\u0131n Arsuz il\u00e7esi Nard\u00fcz\u00fc Mahallesi\u2019ndeki bir okul in\u015faat\u0131nda \u00e7al\u0131\u015fan emek\u00e7ilerin kald\u0131\u011f\u0131 3 katl\u0131 konteynerlerde, saat 10.00 s\u0131ralar\u0131nda yang\u0131n \u00e7\u0131kt\u0131.<\/p>\n<p><img decoding=\"async\" src=\"https:\/\/ikimisli.tr\/wp-content\/uploads\/2025\/04\/hatayda-iscilerin-kaldigi-okul-insaatinda-konteynerler-yandi-0-FO1BVcVW.jpg\"\/><\/p>\n<p>Konteynerlerden y\u00fckselen alevleri fark eden emek\u00e7ilerin ihbar\u0131 \u00fczerine b\u00f6lgeye itfaiye gruplar\u0131 sevk edildi.<\/p>\n<p><b>CAN KAYBI YA\u015eANMADI<\/b><\/p>\n<p>\u0130\u015f\u00e7ilerin mesaiye ba\u015flamas\u0131 nedeniyle kimsenin olmad\u0131\u011f\u0131 konteynerlerden y\u00fckselen alevlere, olay yerine gelen itfaiye tak\u0131mlar\u0131 m\u00fcdahale etti.<\/p>\n<p>Yakla\u015f\u0131k 1 saatlik \u00e7al\u0131\u015fmayla yang\u0131n denetim alt\u0131na al\u0131nd\u0131. \u00d6len ya da yaralanan\u0131n olmad\u0131\u011f\u0131 yang\u0131nda konteynerler kullan\u0131lmaz hale geldi.<\/p>\n<p><img decoding=\"async\" src=\"https:\/\/ikimisli.tr\/wp-content\/uploads\/2025\/04\/hatayda-iscilerin-kaldigi-okul-insaatinda-konteynerler-yandi-1-IRtRbWmv.jpg\"\/><\/p>\n<p>Yang\u0131n \u00e7\u0131k\u0131\u015f nedeninin belirlenmesi i\u00e7in inceleme ba\u015flat\u0131ld\u0131.<\/p>\n","protected":false},"excerpt":{"rendered":"<p>Hatay&#8217;\u0131n Arsuz il\u00e7esinde imali devam eden \u00f6zel bir okul in\u015faat\u0131nda personellerin konaklad\u0131\u011f\u0131 konteynerler yand\u0131. Yang\u0131nda can kayb\u0131 ya\u015fanmazken yang\u0131n yakla\u015f\u0131k 1 saatte s\u00f6nd\u00fcr\u00fcld\u00fc.<\/p>\n","protected":false},"author":1,"featured_media":29364,"comment_status":"open","ping_status":"open","sticky":false,"template":"","format":"standard","meta":{"footnotes":""},"categories":[25],"tags":[],"class_list":["post-29363","post","type-post","status-publish","format-standard","has-post-thumbnail","hentry","category-gundem"],"_links":{"self":[{"href":"https:\/\/ikimisli.tr\/index.php\/wp-json\/wp\/v2\/posts\/29363","targetHints":{"allow":["GET"]}}],"collection":[{"href":"https:\/\/ikimisli.tr\/index.php\/wp-json\/wp\/v2\/posts"}],"about":[{"href":"https:\/\/ikimisli.tr\/index.php\/wp-json\/wp\/v2\/types\/post"}],"author":[{"embeddable":true,"href":"https:\/\/ikimisli.tr\/index.php\/wp-json\/wp\/v2\/users\/1"}],"replies":[{"embeddable":true,"href":"https:\/\/ikimisli.tr\/index.php\/wp-json\/wp\/v2\/comments?post=29363"}],"version-history":[{"count":1,"href":"https:\/\/ikimisli.tr\/index.php\/wp-json\/wp\/v2\/posts\/29363\/revisions"}],"predecessor-version":[{"id":29367,"href":"https:\/\/ikimisli.tr\/index.php\/wp-json\/wp\/v2\/posts\/29363\/revisions\/29367"}],"wp:featuredmedia":[{"embeddable":true,"href":"https:\/\/ikimisli.tr\/index.php\/wp-json\/wp\/v2\/media\/29364"}],"wp:attachment":[{"href":"https:\/\/ikimisli.tr\/index.php\/wp-json\/wp\/v2\/media?parent=29363"}],"wp:term":[{"taxonomy":"category","embeddable":true,"href":"https:\/\/ikimisli.tr\/index.php\/wp-json\/wp\/v2\/categories?post=29363"},{"taxonomy":"post_tag","embeddable":true,"href":"https:\/\/ikimisli.tr\/index.php\/wp-json\/wp\/v2\/tags?post=29363"}],"curies":[{"name":"wp","href":"https:\/\/api.w.org\/{rel}","templated":true}]}}