{"id":29431,"date":"2025-04-21T19:36:17","date_gmt":"2025-04-21T19:36:17","guid":{"rendered":"https:\/\/ikimisli.tr\/?p=29431"},"modified":"2025-04-21T19:36:17","modified_gmt":"2025-04-21T19:36:17","slug":"40-bin-irakli-apar-topar-turkiyeyi-terk-etti-iste-nedeni","status":"publish","type":"post","link":"https:\/\/ikimisli.tr\/index.php\/2025\/04\/21\/40-bin-irakli-apar-topar-turkiyeyi-terk-etti-iste-nedeni\/","title":{"rendered":"40 bin Irakl\u0131 apar topar T\u00fcrkiye&#8217;yi terk etti: \u0130\u015fte nedeni"},"content":{"rendered":"<p>T\u00fcrkiye \u0130statistik Kurumunun (T\u00dc\u0130K) a\u00e7\u0131klad\u0131\u011f\u0131 &#8220;Adrese Dayal\u0131 N\u00fcfus Kay\u0131t Sistemi 2024 Sonu\u00e7lar\u0131&#8217; raporuna nazaran, T\u00fcrkiye&#8217;de ya\u015fayan yabanc\u0131 n\u00fcfus, bir evvelki y\u0131la k\u0131yasla 89 bin 996 ki\u015fi azalarak 1 milyon 480 bin 547 \u015fahsa geriledi. N\u00fcfusun y\u00fczde 48,3&#8217;\u00fcn\u00fc erkekler, 51,7&#8217;sini ise bayanlar olu\u015fturdu. <\/p>\n<p><strong>Z\u0130RVEDE SUR\u0130YEL\u0130LER DE\u011e\u0130L, IRAKLILAR VAR<\/strong><\/p>\n<p>Aral\u0131k ay\u0131nda Suriye&#8217;de ya\u015fanan d\u00f6n\u00fc\u015f\u00fcm sonras\u0131 \u00e7ok say\u0131da Suriyeli, T\u00fcrkiye&#8217;den \u00fclkesine d\u00f6nm\u00fc\u015f olsa da, 2024 y\u0131l\u0131n\u0131n bilgilerine nazaran T\u00fcrkiye&#8217;yi terk eden yabanc\u0131lar listesinin birinci s\u0131ras\u0131nda Irakl\u0131lar bulunuyor. T\u00fcrkiye&#8217;deki toplam Irakl\u0131 say\u0131s\u0131, s\u0131rf 2024 y\u0131l\u0131nda 39 bin 488 azalarak 177 bin 988&#8217;e geriledi.<\/p>\n<p><img decoding=\"async\" src=\"https:\/\/ikimisli.tr\/wp-content\/uploads\/2025\/04\/40-bin-irakli-apar-topar-turkiyeyi-terk-etti-iste-nedeni-0-KmTkUzhW.png\"\/><\/p>\n<p>Irakl\u0131lar\u0131n akabinde T\u00fcrkiye&#8217;den giden yabanc\u0131lar ortas\u0131nda ikinci s\u0131rada  24 bin 880 ki\u015fi ile Afganistanl\u0131lar ve \u00fc\u00e7\u00fcnc\u00fc s\u0131rada 16 bin 833 ki\u015fi ile Ruslar bulunuyor. <\/p>\n<p><strong>YABANCILAR NEDEN APAR TOPAR T\u00dcRK\u0130YE&#8217;Y\u0130 TERK ED\u0130YOR?<\/strong><\/p>\n<p>Yabanc\u0131lar\u0131n T\u00fcrkiye&#8217;den ayr\u0131lmaya karar vermesinde bir\u00e7ok farkl\u0131 etmen bulunsa da, yap\u0131lan ara\u015ft\u0131rmalara nazaran en b\u00fcy\u00fck sebep iktisattan kaynaklanmakta. <\/p>\n<p>T\u00fcrkiye&#8217;de g\u00f6r\u00fclen y\u00fcksek enflasyon, bilhassa turistlerin ya\u015fad\u0131\u011f\u0131 kentlerde ve talep g\u00f6sterdi\u011fi dallarda fahi\u015f fiyat art\u0131\u015flar\u0131na neden oldu. \u0130stanbul ve Antalya \u00fczere a\u011f\u0131r turist n\u00fcfusuna sahip kentlerde restoran fiyatlar\u0131 Avrupa&#8217;n\u0131n en de\u011ferli ba\u015fkentlerini geride b\u0131rak\u0131rken, hizmet kesimi ba\u015fta olmak \u00fczere bir\u00e7ok alanda g\u00f6r\u00fclen rekor enflasyon, T\u00fcrkiye&#8217;nin yabanc\u0131lar i\u00e7in cazibesini kaybetmesine neden oldu. <\/p>\n<p><img decoding=\"async\" src=\"https:\/\/ikimisli.tr\/wp-content\/uploads\/2025\/04\/40-bin-irakli-apar-topar-turkiyeyi-terk-etti-iste-nedeni-1-9pO545if.jpg\"\/><\/p>\n<p>31 Mart se\u00e7imleri sonras\u0131 yatay bir seyir izleyen dolar ve Euro kuru da yabanc\u0131lar\u0131n \u00fclkeden ayr\u0131lmas\u0131nda temel fakt\u00f6rler ortas\u0131nda yer al\u0131yor. \u00c7ok say\u0131da Irak ve Rusya vatanda\u015f\u0131, T\u00fcrkiye&#8217;den kendi \u00fclkelerine ya da ekonomik olarak daha uygun olan Balkan \u00fclkelerine yerle\u015fme karar\u0131 ald\u0131. <\/p>\n","protected":false},"excerpt":{"rendered":"<p>T\u00fcrkiye&#8217;de ya\u015fayan yabanc\u0131 as\u0131ll\u0131 say\u0131s\u0131 ge\u00e7ti\u011fimiz y\u0131l 89 bin 996 ki\u015fi azalarak 1 milyon 480 bin 547&#8217;ye geriledi. T\u00fcrkiye&#8217;den s\u0131rf bir y\u0131lda gidenler ortas\u0131nda birinci s\u0131rada 39 bin 488 ki\u015fi ile Irakl\u0131lar yer ald\u0131.<\/p>\n","protected":false},"author":1,"featured_media":29432,"comment_status":"open","ping_status":"open","sticky":false,"template":"","format":"standard","meta":{"footnotes":""},"categories":[25],"tags":[345,113,3006],"class_list":["post-29431","post","type-post","status-publish","format-standard","has-post-thumbnail","hentry","category-gundem","tag-irak","tag-turkiye","tag-yabanci"],"_links":{"self":[{"href":"https:\/\/ikimisli.tr\/index.php\/wp-json\/wp\/v2\/posts\/29431","targetHints":{"allow":["GET"]}}],"collection":[{"href":"https:\/\/ikimisli.tr\/index.php\/wp-json\/wp\/v2\/posts"}],"about":[{"href":"https:\/\/ikimisli.tr\/index.php\/wp-json\/wp\/v2\/types\/post"}],"author":[{"embeddable":true,"href":"https:\/\/ikimisli.tr\/index.php\/wp-json\/wp\/v2\/users\/1"}],"replies":[{"embeddable":true,"href":"https:\/\/ikimisli.tr\/index.php\/wp-json\/wp\/v2\/comments?post=29431"}],"version-history":[{"count":1,"href":"https:\/\/ikimisli.tr\/index.php\/wp-json\/wp\/v2\/posts\/29431\/revisions"}],"predecessor-version":[{"id":29435,"href":"https:\/\/ikimisli.tr\/index.php\/wp-json\/wp\/v2\/posts\/29431\/revisions\/29435"}],"wp:featuredmedia":[{"embeddable":true,"href":"https:\/\/ikimisli.tr\/index.php\/wp-json\/wp\/v2\/media\/29432"}],"wp:attachment":[{"href":"https:\/\/ikimisli.tr\/index.php\/wp-json\/wp\/v2\/media?parent=29431"}],"wp:term":[{"taxonomy":"category","embeddable":true,"href":"https:\/\/ikimisli.tr\/index.php\/wp-json\/wp\/v2\/categories?post=29431"},{"taxonomy":"post_tag","embeddable":true,"href":"https:\/\/ikimisli.tr\/index.php\/wp-json\/wp\/v2\/tags?post=29431"}],"curies":[{"name":"wp","href":"https:\/\/api.w.org\/{rel}","templated":true}]}}