{"id":2946,"date":"2025-01-11T08:42:48","date_gmt":"2025-01-11T08:42:48","guid":{"rendered":"https:\/\/ikimisli.tr\/?p=2946"},"modified":"2025-01-11T08:42:48","modified_gmt":"2025-01-11T08:42:48","slug":"yolda-kalan-vatandas-benzin-zammina-isyan-etti","status":"publish","type":"post","link":"https:\/\/ikimisli.tr\/index.php\/2025\/01\/11\/yolda-kalan-vatandas-benzin-zammina-isyan-etti\/","title":{"rendered":"Yolda kalan vatanda\u015f benzin zamm\u0131na isyan etti"},"content":{"rendered":"<p>Osmaniye&#8217;nin Kadirli il\u00e7esinde akaryak\u0131t art\u0131r\u0131m\u0131na vatanda\u015flar reaksiyon g\u00f6sterdi. Arac\u0131n\u0131n bitti\u011fi i\u00e7in yolda kalan\u00a0vatanda\u015f, \u015f\u00f6yle konu\u015ftu:<\/p>\n<p>&#8220;Benzine art\u0131r\u0131m gelmi\u015f tekrar, her zamanki \u00fczere. Bizim bu t\u00fcrl\u00fc durumumuz ne olacak? Bu gen\u00e7 ya\u015fta bu t\u00fcrl\u00fc otomobil m\u0131 itece\u011fim? Bu t\u00fcrl\u00fc bir kilometre yerden beri otomobil itiyorum arkada\u015flarla, vatanda\u015flar sa\u011f olsun yard\u0131m ettiler. Ben akaryak\u0131t alacak durumda de\u011filim art\u0131k. Depoyu bu vakte kadar dolduramad\u0131m bu t\u00fcrl\u00fc devam ederse hi\u00e7 dolduramayaca\u011f\u0131m. Bu gidi\u015fle arabay\u0131 da satmay\u0131 d\u00fc\u015f\u00fcn\u00fcyorum. Akaryak\u0131t alamad\u0131ktan sonra otomobile binmenin bir manas\u0131 yok.&#8221;\u00a0<\/p>\n<p><b><strong>&#8220;Zaml\u0131 maa\u015f\u0131 daha almadan art\u0131r\u0131m geldi&#8221;\u00a0<\/strong><\/b><\/p>\n<p>Emekli bir vatanda\u015f ise &#8220;Benzine art\u0131r\u0131m geldi ne diyece\u011fiz, alam\u0131yoruz. Otomobile binemiyoruz. G\u00fcnde art\u0131r\u0131m, g\u00fcnde art\u0131r\u0131m&#8230; Daha fark almadan g\u00fcnde art\u0131r\u0131m, \u00f6teki bir \u015fey yok ki. Emekliyim paray\u0131 daha almad\u0131k, paray\u0131 almadan art\u0131r\u0131m geldi. Art geriye iki sefer, \u00fc\u00e7 sefer art\u0131r\u0131m geldi. Otomobile biner halimiz kalmad\u0131, mecbur sataca\u011f\u0131z ya da y\u00fcr\u00fcyece\u011fiz&#8221; dedi.<\/p>\n<p><b><strong>&#8220;Ne al\u0131rsan al daima vergi&#8221;<\/strong><\/b><\/p>\n<p>Bir vatanda\u015f &#8220;Hep vergi. Zenginlere veriyor, yoksullar\u0131n s\u0131rt\u0131ndan al\u0131yor. Ne al\u0131rsan al hepsi vergi. Devlet yoksullara y\u00fckl\u00fcyor her \u015feyi. Yoksullara y\u00fckl\u00fcyor i\u015fte art\u0131r\u0131m geliyor daima vergi. \u00c7ocuklar yard\u0131m ederse al\u0131yoruz yoksa yok. \u00c7ocuklar para verirse gaz\u0131, akaryak\u0131t\u0131 al\u0131yorum yoksa alamam&#8221; diye konu\u015ftu.<\/p>\n<p>\u00a0<\/p>\n","protected":false},"excerpt":{"rendered":"<p>Osmaniye&#8217;nin Kadirli il\u00e7esinde, akaryak\u0131ta gelen 1 lira 25 kuru\u015fluk art\u0131r\u0131ma vatanda\u015flar reaksiyon g\u00f6sterdi. Arac\u0131n\u0131n akaryak\u0131t\u0131 bitti\u011fi i\u00e7in yolda kalan bir vatanda\u015f  &#8220;Bizim bu t\u00fcrl\u00fc durumumuz ne olacak? Bu gen\u00e7 ya\u015fta bu t\u00fcrl\u00fc otomobil m\u0131 itece\u011fim?&#8221; kelamlar\u0131yla isyan etti.<\/p>\n","protected":false},"author":1,"featured_media":2947,"comment_status":"open","ping_status":"open","sticky":false,"template":"","format":"standard","meta":{"footnotes":""},"categories":[25],"tags":[772,387,574,93],"class_list":["post-2946","post","type-post","status-publish","format-standard","has-post-thumbnail","hentry","category-gundem","tag-araba","tag-benzin","tag-vatandas","tag-zam"],"_links":{"self":[{"href":"https:\/\/ikimisli.tr\/index.php\/wp-json\/wp\/v2\/posts\/2946","targetHints":{"allow":["GET"]}}],"collection":[{"href":"https:\/\/ikimisli.tr\/index.php\/wp-json\/wp\/v2\/posts"}],"about":[{"href":"https:\/\/ikimisli.tr\/index.php\/wp-json\/wp\/v2\/types\/post"}],"author":[{"embeddable":true,"href":"https:\/\/ikimisli.tr\/index.php\/wp-json\/wp\/v2\/users\/1"}],"replies":[{"embeddable":true,"href":"https:\/\/ikimisli.tr\/index.php\/wp-json\/wp\/v2\/comments?post=2946"}],"version-history":[{"count":1,"href":"https:\/\/ikimisli.tr\/index.php\/wp-json\/wp\/v2\/posts\/2946\/revisions"}],"predecessor-version":[{"id":2948,"href":"https:\/\/ikimisli.tr\/index.php\/wp-json\/wp\/v2\/posts\/2946\/revisions\/2948"}],"wp:featuredmedia":[{"embeddable":true,"href":"https:\/\/ikimisli.tr\/index.php\/wp-json\/wp\/v2\/media\/2947"}],"wp:attachment":[{"href":"https:\/\/ikimisli.tr\/index.php\/wp-json\/wp\/v2\/media?parent=2946"}],"wp:term":[{"taxonomy":"category","embeddable":true,"href":"https:\/\/ikimisli.tr\/index.php\/wp-json\/wp\/v2\/categories?post=2946"},{"taxonomy":"post_tag","embeddable":true,"href":"https:\/\/ikimisli.tr\/index.php\/wp-json\/wp\/v2\/tags?post=2946"}],"curies":[{"name":"wp","href":"https:\/\/api.w.org\/{rel}","templated":true}]}}