{"id":29487,"date":"2025-04-21T22:36:10","date_gmt":"2025-04-21T22:36:10","guid":{"rendered":"https:\/\/ikimisli.tr\/?p=29487"},"modified":"2025-04-21T22:36:10","modified_gmt":"2025-04-21T22:36:10","slug":"volkan-demirelden-duygulandiran-6-subat-paylasimi","status":"publish","type":"post","link":"https:\/\/ikimisli.tr\/index.php\/2025\/04\/21\/volkan-demirelden-duygulandiran-6-subat-paylasimi\/","title":{"rendered":"Volkan Demirel&#8217;den duyguland\u0131ran 6 \u015eubat payla\u015f\u0131m\u0131"},"content":{"rendered":"<p>Teknik y\u00f6netici Volkan Demirel, 6 \u015eubat 2023&#8217;te ya\u015fanan sars\u0131nt\u0131 felaketi ile ilgili his dolu bir payla\u015f\u0131mda bulundu.<\/p>\n<p>Instagram hesab\u0131ndan o periyotta \u00e7ekilmi\u015f bir foto\u011fraf\u0131n\u0131 payla\u015fan Demirel, &#8220;Sabah\u0131 olmayan bir geceye uyand\u0131k ve hala o sabah\u0131 bekleyen insanlar\u0131m\u0131z var, \u00e7o\u011fumuz i\u00e7in hayatlar\u0131m\u0131z\u0131n sonsuza kadar de\u011fi\u015fti\u011fi bir g\u00fcnd\u00fc. Ya\u015fad\u0131klar\u0131m\u0131z\u0131 s\u00f6zlere d\u00f6kmek \u00e7ok g\u00fc\u00e7. Tedbirlerin al\u0131nmas\u0131 ve bir daha bu t\u00fcrl\u00fc ac\u0131lar\u0131n ya\u015fanmamas\u0131 tek temennim. Kaybettiklerimize bir kere daha Allah&#8217;tan rahmet, geride kalanlara eski hayatlar\u0131na d\u00f6nebilmeleri i\u00e7in dua ediyorum&#8221; s\u00f6zlerini kulland\u0131.<\/p>\n<p>Volkan Demirel, y\u0131k\u0131c\u0131 zelzelenin ya\u015fand\u0131\u011f\u0131 tarihte Hatayspor&#8217;da teknik y\u00f6netici olarak misyon yap\u0131yordu. Ya\u015fanan felaketin akabinde g\u00fcn\u00fcn birinci saatlerinde a\u011flayarak bir payla\u015f\u0131m yapan Volkan Demirel&#8217;in sesi t\u00fcm T\u00fcrkiye&#8217;yi harekete ge\u00e7irmi\u015fti. <\/p>\n","protected":false},"excerpt":{"rendered":"<p>T\u00fcrkiye&#8217;nin b\u00fcy\u00fck bir felaketle kar\u015f\u0131 kar\u015f\u0131ya kald\u0131\u011f\u0131 6 \u015eubat sars\u0131nt\u0131s\u0131n\u0131n izlerini ta\u015f\u0131yan Volkan Demirel toplumsal medya hesab\u0131ndan bir payla\u015f\u0131m yapt\u0131.<\/p>\n","protected":false},"author":1,"featured_media":29488,"comment_status":"open","ping_status":"open","sticky":false,"template":"","format":"standard","meta":{"footnotes":""},"categories":[30],"tags":[],"class_list":["post-29487","post","type-post","status-publish","format-standard","has-post-thumbnail","hentry","category-spor"],"_links":{"self":[{"href":"https:\/\/ikimisli.tr\/index.php\/wp-json\/wp\/v2\/posts\/29487","targetHints":{"allow":["GET"]}}],"collection":[{"href":"https:\/\/ikimisli.tr\/index.php\/wp-json\/wp\/v2\/posts"}],"about":[{"href":"https:\/\/ikimisli.tr\/index.php\/wp-json\/wp\/v2\/types\/post"}],"author":[{"embeddable":true,"href":"https:\/\/ikimisli.tr\/index.php\/wp-json\/wp\/v2\/users\/1"}],"replies":[{"embeddable":true,"href":"https:\/\/ikimisli.tr\/index.php\/wp-json\/wp\/v2\/comments?post=29487"}],"version-history":[{"count":1,"href":"https:\/\/ikimisli.tr\/index.php\/wp-json\/wp\/v2\/posts\/29487\/revisions"}],"predecessor-version":[{"id":29489,"href":"https:\/\/ikimisli.tr\/index.php\/wp-json\/wp\/v2\/posts\/29487\/revisions\/29489"}],"wp:featuredmedia":[{"embeddable":true,"href":"https:\/\/ikimisli.tr\/index.php\/wp-json\/wp\/v2\/media\/29488"}],"wp:attachment":[{"href":"https:\/\/ikimisli.tr\/index.php\/wp-json\/wp\/v2\/media?parent=29487"}],"wp:term":[{"taxonomy":"category","embeddable":true,"href":"https:\/\/ikimisli.tr\/index.php\/wp-json\/wp\/v2\/categories?post=29487"},{"taxonomy":"post_tag","embeddable":true,"href":"https:\/\/ikimisli.tr\/index.php\/wp-json\/wp\/v2\/tags?post=29487"}],"curies":[{"name":"wp","href":"https:\/\/api.w.org\/{rel}","templated":true}]}}