{"id":29542,"date":"2025-04-22T02:00:09","date_gmt":"2025-04-22T02:00:09","guid":{"rendered":"https:\/\/ikimisli.tr\/?p=29542"},"modified":"2025-04-22T02:00:09","modified_gmt":"2025-04-22T02:00:09","slug":"hayatinda-yasadigi-en-garip-hisle-uyandiktan-sonra-b12-vitamini-eksikligi-teshisi-kondu","status":"publish","type":"post","link":"https:\/\/ikimisli.tr\/index.php\/2025\/04\/22\/hayatinda-yasadigi-en-garip-hisle-uyandiktan-sonra-b12-vitamini-eksikligi-teshisi-kondu\/","title":{"rendered":"Hayat\u0131nda ya\u015fad\u0131\u011f\u0131 en garip hisle uyand\u0131ktan sonra B12 vitamini eksikli\u011fi te\u015fhisi kondu"},"content":{"rendered":"<p>G\u00f6r\u00fcn\u00fc\u015fte zarars\u0131z bir isme sahip olmas\u0131na kar\u015f\u0131n, B12 vitamini eksikli\u011fi, hayli sinsi ve ziyanl\u0131 bir durumdur. Bedenin hudut sistemi i\u00e7in hayati k\u0131ymete sahip olan bu vitaminin, ba\u015fka besin hususlar\u0131yla yerine konmas\u0131 epeyce zordur. B12 vitamini eksikli\u011fi, tedavi edilmedi\u011fi takdirde \u00f6nemli s\u0131hhat s\u0131k\u0131nt\u0131lar\u0131na yol a\u00e7abilir.<\/p>\n<p>Hastal\u0131\u011f\u0131n bir \u00f6teki kuvvetli taraf\u0131, spesifik olmayan ve muhakkak bir hastal\u0131kla ili\u015fkilendirilmesi g\u00fc\u00e7 semptomlar\u0131d\u0131r. Bu aldat\u0131c\u0131 derecede tehlikeli belirtiler, vitamin eksikli\u011fi ya\u015fayan ve hayat\u0131 b\u00fcsb\u00fct\u00fcn de\u011fi\u015fen YouTuber Marc Williams taraf\u0131ndan vurguland\u0131. gbnews.com&#8217;a nazaran Williams, ya\u015fad\u0131\u011f\u0131 tecr\u00fcbeleri payla\u015farak, B12 vitamini eksikli\u011finin tesirlerini ve bu durumun ne kadar sinsi olabilece\u011fini anlat\u0131yor.<\/p>\n<div>\n<p>Marc Williams, evvelki \u00f6mr\u00fcn\u00fc &#8220;Her vakit \u00e7ok aktiftim. Basketbol, voleybol, futbol, halter, ko\u015fu&#8230;&#8221; bi\u00e7iminde tan\u0131mlayarak, sporla dolu bir hayat s\u00fcr\u00fcyordu. Lakin, birinci s\u0131hhat problemleri apans\u0131z ortaya \u00e7\u0131kt\u0131\u011f\u0131nda hayat\u0131 b\u00fcsb\u00fct\u00fcn de\u011fi\u015fti. &#8220;Bir sabah sa\u011f baca\u011f\u0131m\u0131n zay\u0131flad\u0131\u011f\u0131n\u0131 fark ettim. Hayat\u0131mda hissetti\u011fim en tuhaf duyguyd\u0131. B\u00fcsb\u00fct\u00fcn ba\u015f\u0131m kar\u0131\u015fm\u0131\u015ft\u0131&#8221; diyerek ya\u015fad\u0131\u011f\u0131 o an\u0131 hat\u0131rlad\u0131. &#8220;Sonra sol baca\u011f\u0131m da sa\u011f baca\u011f\u0131mla birebir formda zay\u0131flad\u0131. S\u00f6ylemeye gerek yok, \u00e7ok korkmu\u015ftum,&#8221; dedi.\u00a0<\/p>\n<\/p><\/div>\n<p>Ancak semptomlar bununla hudutlu kalmad\u0131 ve vakitle Marc\u2019\u0131n kollar\u0131na da yay\u0131ld\u0131. Kolunda kal\u0131c\u0131 se\u011firmeler meydana geldi. &#8220;V\u00fccudumun her yerinde garip hisler olu\u015fuyordu&#8221; diye tan\u0131m etti.\u00a0<\/p>\n<p>&#8220;Kas se\u011firmesi ya\u015fad\u0131\u011f\u0131mda, ekseriyetle dirse\u011fe yak\u0131n \u00f6n kolumun taban\u0131nda oluyordu. Birka\u00e7 g\u00fcn boyunca g\u00f6z\u00fcm\u00fcn alt\u0131nda da oldu, bu hakikaten garipti.&#8221;\u00a0<\/p>\n<p>Durumu giderek berbatla\u015fan Marc&#8217;\u0131n hudut sistemi etkilenmi\u015f ve periferik n\u00f6ropati geli\u015fmi\u015fti. &#8220;Semptomlar\u0131m k\u00f6t\u00fcle\u015fmeye devam ediyordu,&#8221; diye a\u00e7\u0131klad\u0131.<\/p>\n<p>Bir\u00e7ok hasta \u00fczere, Marc\u2019\u0131n da tahlil aray\u0131\u015f\u0131 epey hudut bozucuydu. Lakin sonunda dilalt\u0131 B12 tabletleri kullanmaya ba\u015flad\u0131 ve s\u00fcratle g\u00fczelle\u015fmeler fark etti. &#8220;Dilalt\u0131 tabletleri kullanmaya ba\u015flad\u0131ktan d\u00f6rd\u00fcnc\u00fc g\u00fcn, semptomlar\u0131m azalmay\u0131 durdu. Art\u0131k sabit kal\u0131yorlard\u0131,&#8221; diye bildirdi ve tedavi plan\u0131n\u0131n B12 vitamini enjeksiyonlar\u0131yla g\u00fc\u00e7lendirildi\u011fini belirtti. B12 vitamini eksikli\u011fi yayg\u0131n bir durum olsa da, hastalar\u0131n destek almadan evvel kesinlikle doktora isti\u015fareleri gerekti\u011fi vurgulanmaktad\u0131r. NHS, tedaviye ba\u015fland\u0131ktan sonra &#8220;tedavinin i\u015fe yaray\u0131p yaramad\u0131\u011f\u0131n\u0131 k\u0131ymetlendirmek i\u00e7in \u00e7oklukla yedi ila 10 g\u00fcn sonra kan testi yap\u0131ld\u0131\u011f\u0131n\u0131&#8221; belirtiyor.<\/p>\n","protected":false},"excerpt":{"rendered":"<p>B12 vitamini eksikli\u011fi, \u00e7oklukla g\u00f6z gerisi edilen ancak hudut sistemi \u00fczerinde \u00f6nemli tesirler yaratabilen sinsi bir durumdur. YouTuber Marc Williams&#8217;\u0131n ya\u015fad\u0131\u011f\u0131 tecr\u00fcbeler, bu eksikli\u011fin nas\u0131l birdenbire s\u0131hhat meselelerine yol a\u00e7abilece\u011fini ve tedavi edilmedi\u011fi takdirde kal\u0131c\u0131 ziyanlar verebilece\u011fini g\u00f6zler \u00f6n\u00fcne serdi.<\/p>\n","protected":false},"author":1,"featured_media":29543,"comment_status":"open","ping_status":"open","sticky":false,"template":"","format":"standard","meta":{"footnotes":""},"categories":[29],"tags":[5046,5045],"class_list":["post-29542","post","type-post","status-publish","format-standard","has-post-thumbnail","hentry","category-saglik","tag-b12-vitamini","tag-marc"],"_links":{"self":[{"href":"https:\/\/ikimisli.tr\/index.php\/wp-json\/wp\/v2\/posts\/29542","targetHints":{"allow":["GET"]}}],"collection":[{"href":"https:\/\/ikimisli.tr\/index.php\/wp-json\/wp\/v2\/posts"}],"about":[{"href":"https:\/\/ikimisli.tr\/index.php\/wp-json\/wp\/v2\/types\/post"}],"author":[{"embeddable":true,"href":"https:\/\/ikimisli.tr\/index.php\/wp-json\/wp\/v2\/users\/1"}],"replies":[{"embeddable":true,"href":"https:\/\/ikimisli.tr\/index.php\/wp-json\/wp\/v2\/comments?post=29542"}],"version-history":[{"count":1,"href":"https:\/\/ikimisli.tr\/index.php\/wp-json\/wp\/v2\/posts\/29542\/revisions"}],"predecessor-version":[{"id":29544,"href":"https:\/\/ikimisli.tr\/index.php\/wp-json\/wp\/v2\/posts\/29542\/revisions\/29544"}],"wp:featuredmedia":[{"embeddable":true,"href":"https:\/\/ikimisli.tr\/index.php\/wp-json\/wp\/v2\/media\/29543"}],"wp:attachment":[{"href":"https:\/\/ikimisli.tr\/index.php\/wp-json\/wp\/v2\/media?parent=29542"}],"wp:term":[{"taxonomy":"category","embeddable":true,"href":"https:\/\/ikimisli.tr\/index.php\/wp-json\/wp\/v2\/categories?post=29542"},{"taxonomy":"post_tag","embeddable":true,"href":"https:\/\/ikimisli.tr\/index.php\/wp-json\/wp\/v2\/tags?post=29542"}],"curies":[{"name":"wp","href":"https:\/\/api.w.org\/{rel}","templated":true}]}}