{"id":29549,"date":"2025-04-22T02:24:06","date_gmt":"2025-04-22T02:24:06","guid":{"rendered":"https:\/\/ikimisli.tr\/?p=29549"},"modified":"2025-04-22T02:24:06","modified_gmt":"2025-04-22T02:24:06","slug":"son-dakika-unlu-is-insani-asil-nadir-hayatini-kaybetti","status":"publish","type":"post","link":"https:\/\/ikimisli.tr\/index.php\/2025\/04\/22\/son-dakika-unlu-is-insani-asil-nadir-hayatini-kaybetti\/","title":{"rendered":"Son dakika&#8230; \u00dcnl\u00fc i\u015f insan\u0131 Asil Nadir hayat\u0131n\u0131 kaybetti"},"content":{"rendered":"<p>1980&#8217;li y\u0131llarda \u0130ngiltere&#8217;nin en zenginleri ortas\u0131nda yer alan 83 ya\u015f\u0131ndaki \u00fcnl\u00fc i\u015f insan\u0131 Asil Az hayat\u0131n\u0131 kaybetti. Ender, s\u0131hhat sorunlar\u0131 sebebiyle ge\u00e7ti\u011fimiz g\u00fcn Kolon Hastanesi&#8217;ne kald\u0131r\u0131ld\u0131. Hastanenin Ba\u015fhekimi Op. Dr. Celal B\u00f6l\u00fckba\u015f\u0131, Nadir&#8217;in a\u011f\u0131r bak\u0131mda tedavi edildi\u011fini belirtmi\u015fti. Teneff\u00fcs yollar\u0131nda ya\u015fad\u0131\u011f\u0131 sorun nedeniyle son devirde s\u0131kl\u0131kla hastaneye ba\u015fvurmak zorunda kalan Az \u00f6m\u00fcr u\u011fra\u015f\u0131n\u0131 kaybetti.<\/p>\n<p>Nadir\u2019in vefat etti\u011fine y\u00f6nelik ise hastane ya da aileden rastgele bir a\u00e7\u0131klama yap\u0131lmad\u0131.<\/p>\n<p><b>AS\u0130L AZ K\u0130MD\u0130R?<\/b><\/p>\n<p>Asil Ender 1941\u2019de Lefke\u2019de d\u00fcnyaya geldi. Ailesi, 1961&#8217;de Londra\u2019ya ta\u015f\u0131nd\u0131\u011f\u0131nda Asil Az \u0130stanbul \u00dcniversitesi \u0130ktisat Fak\u00fcltesi \u00f6\u011frencisiydi. Okulu b\u0131rak\u0131p i\u015f hayat\u0131na koyuldu. Londra merkezli Wear Well konfeksiyon \u015firketini sat\u0131n ald\u0131.<\/p>\n<p>Sunday Times gazetesi onu d\u00fcnyan\u0131n en g\u00fc\u00e7l\u00fc insanlar\u0131 ortas\u0131nda 11. s\u0131raya yerle\u015ftirdi. \u0130ngiltere\u2019de bir periyot, \u201cKrali\u00e7eden g\u00fc\u00e7l\u00fc T\u00fcrk\u201d, T\u00fcrkiye\u2019de de \u201c\u00d6zal\u2019\u0131n prensi\u201d olarak tan\u0131n\u0131yordu. 1988\u2019de G\u00fcnayd\u0131n gazetesini sat\u0131n al\u0131nca T\u00fcrkiye\u2019de ismi duyuldu. Daha sonra G\u00fcne\u015f ve Tan gazeteleri ile Nokta mecmuas\u0131n\u0131 sat\u0131n ald\u0131. T\u00fcrkiye\u2019de de \u00e7ok say\u0131da yat\u0131r\u0131m\u0131 olan Ender, \u015firketlerinin batmas\u0131n\u0131n akabinde 1993\u2019te KKTC\u2019ye gitti. 2010&#8217;da \u0130ngiltere\u00b4ye d\u00f6nd\u00fc. 2013\u2019te kalan 5 y\u0131ll\u0131k cezas\u0131 i\u00e7in T\u00fcrkiye\u2019ye g\u00f6nderildi.<\/p>\n<p><\/p>\n","protected":false},"excerpt":{"rendered":"<p>Son dakika&#8230; 1980&#8217;li y\u0131llarda \u0130ngiltere&#8217;nin en zenginleri ortas\u0131nda olan, bir m\u00fcddettir de ya\u015fad\u0131\u011f\u0131 rahats\u0131zl\u0131k nedeniyle hastanede tedavi g\u00f6ren 83 ya\u015f\u0131ndaki K\u0131br\u0131sl\u0131 \u00fcnl\u00fc i\u015f insan\u0131 Asil Az hayat\u0131n\u0131 kaybetti.<\/p>\n","protected":false},"author":1,"featured_media":29550,"comment_status":"open","ping_status":"open","sticky":false,"template":"","format":"standard","meta":{"footnotes":""},"categories":[24],"tags":[5049],"class_list":["post-29549","post","type-post","status-publish","format-standard","has-post-thumbnail","hentry","category-ekonomi","tag-nadir"],"_links":{"self":[{"href":"https:\/\/ikimisli.tr\/index.php\/wp-json\/wp\/v2\/posts\/29549","targetHints":{"allow":["GET"]}}],"collection":[{"href":"https:\/\/ikimisli.tr\/index.php\/wp-json\/wp\/v2\/posts"}],"about":[{"href":"https:\/\/ikimisli.tr\/index.php\/wp-json\/wp\/v2\/types\/post"}],"author":[{"embeddable":true,"href":"https:\/\/ikimisli.tr\/index.php\/wp-json\/wp\/v2\/users\/1"}],"replies":[{"embeddable":true,"href":"https:\/\/ikimisli.tr\/index.php\/wp-json\/wp\/v2\/comments?post=29549"}],"version-history":[{"count":1,"href":"https:\/\/ikimisli.tr\/index.php\/wp-json\/wp\/v2\/posts\/29549\/revisions"}],"predecessor-version":[{"id":29551,"href":"https:\/\/ikimisli.tr\/index.php\/wp-json\/wp\/v2\/posts\/29549\/revisions\/29551"}],"wp:featuredmedia":[{"embeddable":true,"href":"https:\/\/ikimisli.tr\/index.php\/wp-json\/wp\/v2\/media\/29550"}],"wp:attachment":[{"href":"https:\/\/ikimisli.tr\/index.php\/wp-json\/wp\/v2\/media?parent=29549"}],"wp:term":[{"taxonomy":"category","embeddable":true,"href":"https:\/\/ikimisli.tr\/index.php\/wp-json\/wp\/v2\/categories?post=29549"},{"taxonomy":"post_tag","embeddable":true,"href":"https:\/\/ikimisli.tr\/index.php\/wp-json\/wp\/v2\/tags?post=29549"}],"curies":[{"name":"wp","href":"https:\/\/api.w.org\/{rel}","templated":true}]}}