{"id":29570,"date":"2025-04-22T03:36:54","date_gmt":"2025-04-22T03:36:54","guid":{"rendered":"https:\/\/ikimisli.tr\/?p=29570"},"modified":"2025-04-22T03:36:54","modified_gmt":"2025-04-22T03:36:54","slug":"bu-magaraya-giren-sifalanip-cikiyor-gunde-1000-kisi-ziyaret-ediyor-turistler-akin-ediyor","status":"publish","type":"post","link":"https:\/\/ikimisli.tr\/index.php\/2025\/04\/22\/bu-magaraya-giren-sifalanip-cikiyor-gunde-1000-kisi-ziyaret-ediyor-turistler-akin-ediyor\/","title":{"rendered":"Bu ma\u011faraya giren \u015fifalan\u0131p \u00e7\u0131k\u0131yor: G\u00fcnde 1000 ki\u015fi ziyaret ediyor, turistler ak\u0131n ediyor"},"content":{"rendered":"<p>I\u011fd\u0131r&#8217;da Tuzlu&#8217;ca il\u00e7esinde bulunan tuz ma\u011faras\u0131na her ge\u00e7en y\u0131l ilgi b\u00fcy\u00fcyor. Terapi merkezi olarak kullan\u0131lan bu ma\u011fara ziyaret\u00e7i ak\u0131n\u0131na u\u011fruyor. B\u00f6lgedeki turizmi de canland\u0131ran tuz ma\u011faras\u0131 ayr\u0131yeten rahats\u0131zl\u0131\u011f\u0131 olanlar i\u00e7in de do\u011fal tedavi misyonu g\u00f6r\u00fcyor.<\/p>\n<p><img decoding=\"async\" src=\"https:\/\/ikimisli.tr\/wp-content\/uploads\/2025\/04\/bu-magaraya-giren-sifalanip-cikiyor-gunde-1000-kisi-ziyaret-ediyor-turistler-akin-ediyor-0-mDYgDs4I.png\"\/><\/p>\n<p>I\u011fd\u0131r&#8217;da bulunan tuz ma\u011faralar\u0131na her ge\u00e7en y\u0131l ilgi b\u00fcy\u00fcyor. Terapi merkezi olarak kullan\u0131lan bu ma\u011fara ziyaret\u00e7i ak\u0131n\u0131na u\u011fruyor. B\u00f6lgedeki turizmi de canland\u0131ran tuz ma\u011faras\u0131 ayr\u0131yeten rahats\u0131zl\u0131\u011f\u0131 olanlar i\u00e7in de do\u011fal tedavi vazifesi g\u00f6r\u00fcyor.<\/p>\n<p><b>DO\u011eAL TERAP\u0130 MERKEZ\u0130<\/b><\/p>\n<p>Her g\u00fcn binlerce ki\u015finin ziyaret etti\u011fi tuz ma\u011faras\u0131, hem yerli hem yabanc\u0131 turistin u\u011frak yeri oldu. Ma\u011fara hem \u015fifa da\u011f\u0131t\u0131yor hem turizme katk\u0131 sa\u011fl\u0131yor. Tuz terapi merkezi olarak an\u0131lan bu ma\u011fara, Tuz Da\u011f\u0131&#8217;n\u0131n i\u00e7erisinde yer al\u0131yor. Bilhassa k\u0131\u015f aylar\u0131nda a\u011f\u0131r ilgi g\u00f6r\u00fcyor. Ayr\u0131yeten ma\u011faradan elde edilen tuz mutfaklarda da kullan\u0131l\u0131yor.<\/p>\n<p><img decoding=\"async\" src=\"https:\/\/ikimisli.tr\/wp-content\/uploads\/2025\/04\/bu-magaraya-giren-sifalanip-cikiyor-gunde-1000-kisi-ziyaret-ediyor-turistler-akin-ediyor-1-LBOrZjci.png\"\/><\/p>\n<p><b>G\u00dcNDE 1000 K\u0130\u015e\u0130 MA\u011eARAYA G\u0130R\u0130YOR<\/b><\/p>\n<p>B\u00f6lgenin en ilgi \u00e7eken ma\u011faralar\u0131ndan biri olan ve yerli- yabanc\u0131 turistlerin g\u00f6zdesi haline gelen bu yer, k\u0131sa m\u00fcddette \u00fcnlendi. 2022 y\u0131l\u0131nda kullan\u0131ma a\u00e7\u0131lan ma\u011faraya g\u00fcnde 1000 ki\u015fi giriyor.\u00a0Do\u011fal terapi merkezi g\u00f6ren tuz ma\u011faras\u0131n\u0131n i\u00e7erisi \u0131\u015f\u0131kland\u0131rmalarla cazip bir hale getirildi. Makus enerjiyi yok etti\u011fine inan\u0131lan tuzdan \u00f6t\u00fcr\u00fc ma\u011faran\u0131n \u015fifa da\u011f\u0131tt\u0131\u011f\u0131 da s\u00f6yleniyor.<\/p>\n","protected":false},"excerpt":{"rendered":"<p>I\u011fd\u0131r&#8217;da bulunan bu ma\u011fara resmen ziyaret\u00e7i ak\u0131n\u0131na u\u011fruyor! \u0130\u00e7ine giren \u015fifa buluyor. Ayr\u0131yeten hem yerli yabanc\u0131 turistin u\u011frak yerlerinden biri oldu.<\/p>\n","protected":false},"author":1,"featured_media":29571,"comment_status":"open","ping_status":"open","sticky":false,"template":"","format":"standard","meta":{"footnotes":""},"categories":[25],"tags":[2037,5051,1500,5052],"class_list":["post-29570","post","type-post","status-publish","format-standard","has-post-thumbnail","hentry","category-gundem","tag-magara","tag-terapi-merkezi","tag-tuz","tag-tuz-magarasi"],"_links":{"self":[{"href":"https:\/\/ikimisli.tr\/index.php\/wp-json\/wp\/v2\/posts\/29570","targetHints":{"allow":["GET"]}}],"collection":[{"href":"https:\/\/ikimisli.tr\/index.php\/wp-json\/wp\/v2\/posts"}],"about":[{"href":"https:\/\/ikimisli.tr\/index.php\/wp-json\/wp\/v2\/types\/post"}],"author":[{"embeddable":true,"href":"https:\/\/ikimisli.tr\/index.php\/wp-json\/wp\/v2\/users\/1"}],"replies":[{"embeddable":true,"href":"https:\/\/ikimisli.tr\/index.php\/wp-json\/wp\/v2\/comments?post=29570"}],"version-history":[{"count":1,"href":"https:\/\/ikimisli.tr\/index.php\/wp-json\/wp\/v2\/posts\/29570\/revisions"}],"predecessor-version":[{"id":29574,"href":"https:\/\/ikimisli.tr\/index.php\/wp-json\/wp\/v2\/posts\/29570\/revisions\/29574"}],"wp:featuredmedia":[{"embeddable":true,"href":"https:\/\/ikimisli.tr\/index.php\/wp-json\/wp\/v2\/media\/29571"}],"wp:attachment":[{"href":"https:\/\/ikimisli.tr\/index.php\/wp-json\/wp\/v2\/media?parent=29570"}],"wp:term":[{"taxonomy":"category","embeddable":true,"href":"https:\/\/ikimisli.tr\/index.php\/wp-json\/wp\/v2\/categories?post=29570"},{"taxonomy":"post_tag","embeddable":true,"href":"https:\/\/ikimisli.tr\/index.php\/wp-json\/wp\/v2\/tags?post=29570"}],"curies":[{"name":"wp","href":"https:\/\/api.w.org\/{rel}","templated":true}]}}