{"id":29838,"date":"2025-04-22T16:24:10","date_gmt":"2025-04-22T16:24:10","guid":{"rendered":"https:\/\/ikimisli.tr\/?p=29838"},"modified":"2025-04-22T16:24:10","modified_gmt":"2025-04-22T16:24:10","slug":"arnavutkoyde-tartisma-yaratan-parsel-satisi","status":"publish","type":"post","link":"https:\/\/ikimisli.tr\/index.php\/2025\/04\/22\/arnavutkoyde-tartisma-yaratan-parsel-satisi\/","title":{"rendered":"Arnavutk\u00f6y&#8217;de tart\u0131\u015fma yaratan parsel sat\u0131\u015f\u0131"},"content":{"rendered":"<p>SGK bor\u00e7lar\u0131 nedeniyle, bilhassa muhalefet partili belediyelerin &#8216;silkelendi\u011fi&#8217; bir devirde, Arnavutk\u00f6y Belediyesi tek bir evrak ile 939 parselle ilgili sat\u0131\u015f karar\u0131 ald\u0131. Belediye, \u015fubat ay\u0131 meclis toplant\u0131s\u0131na sundu\u011fu teklifle, kelam konusu parsellerin sat\u0131lmas\u0131yla ilgili olarak, Belediye Ba\u015fkan\u0131 Mustafa Candaro\u011flu\u2019na yetki verilmesini istedi.<\/p>\n<p>B\u00fct\u00e7e fazlas\u0131n\u0131n oldu\u011funu belirten Lider Candaro\u011flu, \u201cBelediyemize kaynak sa\u011flamak maksad\u0131yla Belediyemize ili\u015fkin ekli listede \u00f6zellikleri belirtilen ta\u015f\u0131nmazlar\u0131n sat\u0131\u015f\u0131, ta\u015f\u0131nmazlar \u00fczerinde proje geli\u015ftirilmesi d\u00fc\u015f\u00fcn\u00fclmektedir\u201d bi\u00e7iminde ba\u015flayan teklife CHP k\u00fcmesi reaksiyon g\u00f6sterdi.<\/p>\n<p><b>TEPK\u0130LER ARKA ARDA GELD\u0130<\/b><\/p>\n<p>CHP\u2019li Arnavutk\u00f6y Belediye Meclis \u00fcyesi Ayhan \u00d6rs, irili ufakl\u0131 pek \u00e7ok parselle ilgili tek bir evrak ile sat\u0131\u015f yetkisi istenmesini ele\u015ftirdi. \u00d6rs \u00f6zetle \u015funlar\u0131 s\u00f6yledi:<\/p>\n<p>*Belediyenin vatanda\u015f\u0131n i\u015fini kolayla\u015ft\u0131rmas\u0131na kar\u015f\u0131 de\u011filiz. Lakin vatanda\u015f hangi parselle ilgili talepte bulunduysa birer ay d\u00f6nemle belediyemizin ilgili \u00fcnitesinde toplans\u0131n, her ay\u0131n meclisinde onu onaylayal\u0131m. Listeye bak\u0131yoruz.<\/p>\n<p>*\u00d6rne\u011fin \u0130mrahor Mahallemizde 10381 ada 1 parsel. Parselin b\u00fct\u00fcn\u00fc 12 bin 37 metrekare belediyenin tam pay\u0131 var. Biz bunu ni\u00e7in, torba yasa \u00fczere burada k\u00fc\u00e7\u00fck k\u00fc\u00e7\u00fck parseller i\u00e7inde sat\u0131\u015fa husus ediyoruz. \u00d6rne\u011fin \u00d6merli Mahallemizde bir parsel 3 bin 70 metrekare, belediyenin pay\u0131 2 bin 70 metrekare. Belediye 3\u2019te 2\u2019lik hisseye sahip.<\/p>\n<p>*Biz bunu neden bu torban\u0131n i\u00e7ine koyuyoruz? Bunun \u00fczere birka\u00e7 tane daha var. K\u00fcme olarak g\u00f6r\u00fc\u015f\u00fcm\u00fcz, bu g\u00fcndem hususu m\u00fcd\u00fcrl\u00fc\u011f\u00fcne iade edilsin.<\/p>\n<p>*Sat\u0131n almak isteyen vatanda\u015f\u0131n i\u015fini \u00e7\u00f6zelim. Gelsin ba\u015fvursun, onu mecliste \u00e7\u00f6zelim. \u0130rili ufakl\u0131 bine yak\u0131n parsel var, i\u00e7lerinde tam parsel var. Bunu yanl\u0131\u015fs\u0131z bulmuyoruz. \u00a0Bu istikametiyle biz bu teklife ret verece\u011fiz.<\/p>\n<p><b>AKP\u2019N\u0130N MAZERET\u0130&#8230;<\/b><\/p>\n<p>CHP k\u00fcmesinin ele\u015ftirisini yan\u0131tlayan, AKP\u2019li Arnavutk\u00f6y Belediye Meclis \u00fcyesi Hamdi Demirhan, meclis g\u00fcndemini fazla me\u015fgul etmemek i\u00e7in tek seferde karar almak istediklerini belirtti. Demirhan \u00f6zetle \u015funlar\u0131 s\u00f6yledi:<\/p>\n<p>\u201cMeclisin toplanmas\u0131 bazen 30-35 g\u00fcn\u00fc buluyor. A\u011fustos ay\u0131nda meclis tatil. Bu da 60-65 g\u00fcnl\u00fck bir vakte tekab\u00fcl ediyor. Daima meclis g\u00fcndemini me\u015fgul etmektense\u2026 Bir de \u015fu var, buralar\u0131n \u00fczerinde yap\u0131s\u0131 olan be\u015ferler var. Vatanda\u015f konutunu kentsel d\u00f6n\u00fc\u015f\u00fcme sokacak. Vatanda\u015f i\u00e7in her g\u00fcn de\u011ferli. Biz bir kerede bu karar\u0131 al\u0131p, bir daha meclis g\u00fcndemini me\u015fgul etmek istemedik. Vatanda\u015f\u0131n talebine de an\u0131nda kar\u015f\u0131l\u0131k vermek istedik. Burada vatanda\u015f\u0131 bir ay bekletmek haks\u0131zl\u0131k olur.\u201d<\/p>\n<p>Konu\u015fmalar\u0131n akabinde teklif, CHP\u2019nin belirtti\u011fi 3 parsel listeden \u00e7\u0131kart\u0131larak oya sunuldu. Sat\u0131\u015fla ilgili teklif oybirli\u011fiyle kabul edildi.<\/p>\n<p><b>936 PARSEL VAR<\/b><\/p>\n<p>Arnavutk\u00f6y Belediyesi\u2019nin sat\u0131\u015f yetkisi ald\u0131\u011f\u0131 parsellerdeki belediye paylar\u0131n\u0131n toplam\u0131, 153 bin 735 metrekareyi buluyor. Sat\u0131\u015f listesinde parselin tamam\u0131 Belediye\u2019ye ili\u015fkin 5 bin 127 metrekarelik arazi oldu\u011fu \u00fczere, mikro \u00f6l\u00e7ekte payda bulunuyor. \u00d6rne\u011fin Hara\u00e7\u00e7\u0131 Mahallesi\u2019nde bulunan ve tarla pozisyonundaki 10579 ada 1 parsel 3 bin 87 metrekare olmas\u0131na ra\u011fmen, Belediye\u2019nin sataca\u011f\u0131 pay\u0131 4 santimetrekare. T\u0131pk\u0131 yerdeki 5 nolu parseldeki Belediye\u2019nin pay\u0131 de 4 santimetrekare. Ayr\u0131yeten sat\u0131\u015f listesinde yer alan Arnavutk\u00f6y Merkez Mahallesi 22516 nolu parselin tamam\u0131 12 santimetrekare. 22517 nolu parsel de 48 santimetrekare b\u00fcy\u00fckl\u00fc\u011f\u00fcnde.\u00a0<\/p>\n","protected":false},"excerpt":{"rendered":"<p>SGK bor\u00e7lar\u0131 nedeniyle, bilhassa muhalefet partili belediyelerin &#8216;silkelendi\u011fi&#8217; bir devirde, Arnavutk\u00f6y Belediyesi tek bir belge ile 939 parselle ilgili sat\u0131\u015f karar\u0131 ald\u0131. Sat\u0131\u015f karar\u0131 al\u0131nan yerlerin b\u00fcy\u00fckl\u00fckleri 4 santimetrekare ile 5 bin 127 metrekare ortas\u0131nda de\u011fi\u015fiyor.<\/p>\n","protected":false},"author":1,"featured_media":29839,"comment_status":"open","ping_status":"open","sticky":false,"template":"","format":"standard","meta":{"footnotes":""},"categories":[25],"tags":[40,57,5078,290,1706],"class_list":["post-29838","post","type-post","status-publish","format-standard","has-post-thumbnail","hentry","category-gundem","tag-belediye","tag-meclis","tag-parsel","tag-satis","tag-tek"],"_links":{"self":[{"href":"https:\/\/ikimisli.tr\/index.php\/wp-json\/wp\/v2\/posts\/29838","targetHints":{"allow":["GET"]}}],"collection":[{"href":"https:\/\/ikimisli.tr\/index.php\/wp-json\/wp\/v2\/posts"}],"about":[{"href":"https:\/\/ikimisli.tr\/index.php\/wp-json\/wp\/v2\/types\/post"}],"author":[{"embeddable":true,"href":"https:\/\/ikimisli.tr\/index.php\/wp-json\/wp\/v2\/users\/1"}],"replies":[{"embeddable":true,"href":"https:\/\/ikimisli.tr\/index.php\/wp-json\/wp\/v2\/comments?post=29838"}],"version-history":[{"count":1,"href":"https:\/\/ikimisli.tr\/index.php\/wp-json\/wp\/v2\/posts\/29838\/revisions"}],"predecessor-version":[{"id":29840,"href":"https:\/\/ikimisli.tr\/index.php\/wp-json\/wp\/v2\/posts\/29838\/revisions\/29840"}],"wp:featuredmedia":[{"embeddable":true,"href":"https:\/\/ikimisli.tr\/index.php\/wp-json\/wp\/v2\/media\/29839"}],"wp:attachment":[{"href":"https:\/\/ikimisli.tr\/index.php\/wp-json\/wp\/v2\/media?parent=29838"}],"wp:term":[{"taxonomy":"category","embeddable":true,"href":"https:\/\/ikimisli.tr\/index.php\/wp-json\/wp\/v2\/categories?post=29838"},{"taxonomy":"post_tag","embeddable":true,"href":"https:\/\/ikimisli.tr\/index.php\/wp-json\/wp\/v2\/tags?post=29838"}],"curies":[{"name":"wp","href":"https:\/\/api.w.org\/{rel}","templated":true}]}}