{"id":29891,"date":"2025-04-22T19:00:05","date_gmt":"2025-04-22T19:00:05","guid":{"rendered":"https:\/\/ikimisli.tr\/?p=29891"},"modified":"2025-04-22T19:00:05","modified_gmt":"2025-04-22T19:00:05","slug":"g-saray-cuestayi-resmen-acikladi-iste-maliyeti","status":"publish","type":"post","link":"https:\/\/ikimisli.tr\/index.php\/2025\/04\/22\/g-saray-cuestayi-resmen-acikladi-iste-maliyeti\/","title":{"rendered":"G.Saray, Cuesta&#8217;y\u0131 resmen a\u00e7\u0131klad\u0131! \u0130\u015fte maliyeti&#8230;"},"content":{"rendered":"<p>Galatasaray, Bel\u00e7ika Jupiler Pro League tak\u0131mlar\u0131nda Genk&#8217;te forma giyen Carlos Cuesta ile anla\u015ft\u0131.<\/p>\n<p>Kolombiyal\u0131 oyuncu ile 3.5 y\u0131ll\u0131k mukavele imzalayan Sar\u0131-K\u0131rm\u0131z\u0131l\u0131 grup, transferin maliyetini de a\u00e7\u0131klad\u0131.<\/p>\n<p><b>8 M\u0130LYON EURO BONSERV\u0130S<\/b><\/p>\n<p>Galatasaray&#8217;\u0131n yapt\u0131\u011f\u0131 a\u00e7\u0131klamada oyuncunun maliyeti a\u00e7\u0131klan\u0131rken &#8220;Profesyonel futbolcu Carlos Eccehomo Cuesta Figueroa&#8217;n\u0131n transferi konusunda, kul\u00fcb\u00fc K. Racing Club Genk 322 VZW ile mutabakata var\u0131lm\u0131\u015ft\u0131r.\u00a0<\/p>\n<p>Bu kapsamda, futbolcunun eski kul\u00fcb\u00fcne 3 d\u00f6neme yay\u0131lm\u0131\u015f taksitler halinde toplam net 8.000.000 EUR transfer bedeli \u00f6denecektir.\u00a0<\/p>\n<p>Futbolcu ile 2024-2025 d\u00f6neminden itibaren ge\u00e7erli olmak \u00fczere 3,5 y\u0131ll\u0131k mukavele imzalanm\u0131\u015ft\u0131r. &#8221; s\u00f6zlerine yer verildi.<\/p>\n<p><b>MAA\u015eI HER D\u00d6NEM ARTACAK<\/b><\/p>\n<p>Cuesta&#8217;n\u0131n maa\u015f\u0131 da muhakkak oldu. Yap\u0131lan a\u00e7\u0131klamaya nazaran Kolombiyal\u0131 stopere, 2024-2025 d\u00f6neminin ikinci yar\u0131s\u0131 i\u00e7in net 650.000 Euro, 2025-2026 d\u00f6nemi i\u00e7in net 1.450.000 Euro, 2026-2027 d\u00f6nemi i\u00e7in net 1.550.000 Euro ve 2027-2028 d\u00f6nemi i\u00e7in net 1.650.000 Euro garanti fiyat \u00f6denecek.<\/p>\n","protected":false},"excerpt":{"rendered":"<p>Galatasaray, Genk&#8217;te forma giyen Carlos Cuesta ile 3.5 y\u0131ll\u0131k kontrat imzalad\u0131. Sar\u0131-K\u0131rm\u0131z\u0131l\u0131 grubun Kolombiyal\u0131 oyuncu i\u00e7in \u00f6deyece\u011fi bonservis ve y\u0131ll\u0131k fiyat de muhakkak oldu.<\/p>\n","protected":false},"author":1,"featured_media":29892,"comment_status":"open","ping_status":"open","sticky":false,"template":"","format":"standard","meta":{"footnotes":""},"categories":[30],"tags":[862,2055,485],"class_list":["post-29891","post","type-post","status-publish","format-standard","has-post-thumbnail","hentry","category-spor","tag-euro","tag-net","tag-sezon"],"_links":{"self":[{"href":"https:\/\/ikimisli.tr\/index.php\/wp-json\/wp\/v2\/posts\/29891","targetHints":{"allow":["GET"]}}],"collection":[{"href":"https:\/\/ikimisli.tr\/index.php\/wp-json\/wp\/v2\/posts"}],"about":[{"href":"https:\/\/ikimisli.tr\/index.php\/wp-json\/wp\/v2\/types\/post"}],"author":[{"embeddable":true,"href":"https:\/\/ikimisli.tr\/index.php\/wp-json\/wp\/v2\/users\/1"}],"replies":[{"embeddable":true,"href":"https:\/\/ikimisli.tr\/index.php\/wp-json\/wp\/v2\/comments?post=29891"}],"version-history":[{"count":1,"href":"https:\/\/ikimisli.tr\/index.php\/wp-json\/wp\/v2\/posts\/29891\/revisions"}],"predecessor-version":[{"id":29893,"href":"https:\/\/ikimisli.tr\/index.php\/wp-json\/wp\/v2\/posts\/29891\/revisions\/29893"}],"wp:featuredmedia":[{"embeddable":true,"href":"https:\/\/ikimisli.tr\/index.php\/wp-json\/wp\/v2\/media\/29892"}],"wp:attachment":[{"href":"https:\/\/ikimisli.tr\/index.php\/wp-json\/wp\/v2\/media?parent=29891"}],"wp:term":[{"taxonomy":"category","embeddable":true,"href":"https:\/\/ikimisli.tr\/index.php\/wp-json\/wp\/v2\/categories?post=29891"},{"taxonomy":"post_tag","embeddable":true,"href":"https:\/\/ikimisli.tr\/index.php\/wp-json\/wp\/v2\/tags?post=29891"}],"curies":[{"name":"wp","href":"https:\/\/api.w.org\/{rel}","templated":true}]}}