{"id":29914,"date":"2025-04-22T20:36:13","date_gmt":"2025-04-22T20:36:13","guid":{"rendered":"https:\/\/ikimisli.tr\/?p=29914"},"modified":"2025-04-22T20:36:13","modified_gmt":"2025-04-22T20:36:13","slug":"emekliye-bayram-ikramiyesi-gelecek-mi","status":"publish","type":"post","link":"https:\/\/ikimisli.tr\/index.php\/2025\/04\/22\/emekliye-bayram-ikramiyesi-gelecek-mi\/","title":{"rendered":"Emekliye bayram ikramiyesi gelecek mi?"},"content":{"rendered":"<p>2018 y\u0131l\u0131ndan itibaren tertipli olarak yap\u0131lan bayram ikramiyesi \u00f6demeleri, bu y\u0131l da emekliler ve hak sahipleri i\u00e7in merak konusu oldu. 2024 y\u0131l\u0131nda 3.000 TL olarak yap\u0131lan ikramiyenin, 2025 y\u0131l\u0131nda ne kadar olaca\u011f\u0131 hakk\u0131nda \u015fimdi resmi bir a\u00e7\u0131klama yap\u0131lmad\u0131.<\/p>\n<p><img decoding=\"async\" src=\"https:\/\/ikimisli.tr\/wp-content\/uploads\/2025\/04\/emekliye-bayram-ikramiyesi-gelecek-mi-0-FycvNbep.jpg\"\/><\/p>\n<p><strong>\u0130kramiye \u00d6l\u00e7\u00fcs\u00fc Ne Kadar Olacak?<\/strong><\/p>\n<p>2025 y\u0131l\u0131 prestijiyle emekli maa\u015flar\u0131na yap\u0131lan %15,75\u2019lik art\u0131r\u0131m, bayram ikramiyelerinin de artmas\u0131na sebep olabilir. Bu art\u0131\u015f oran\u0131 g\u00f6z \u00f6n\u00fcnde bulunduruldu\u011funda, 2025 y\u0131l\u0131nda bayram ikramiyesinin 3.472 TL d\u00fczeylerine \u00e7\u0131kmas\u0131 bekleniyor. Lakin, h\u00fck\u00fcmet yetkililerinden \u015fimdi kesin bir a\u00e7\u0131klama yap\u0131lmad\u0131.<\/p>\n<p><img decoding=\"async\" src=\"https:\/\/ikimisli.tr\/wp-content\/uploads\/2025\/04\/emekliye-bayram-ikramiyesi-gelecek-mi-1-284htdI4.jpg\"\/><\/p>\n<p><strong>Zaml\u0131 \u0130kramiye A\u00e7\u0131klamas\u0131 Ne Vakit Yap\u0131lacak?<\/strong><\/p>\n<p>Bayram ikramiyelerinin art\u0131r\u0131ml\u0131 \u00f6denip \u00f6denmeyece\u011fi konusunda duyurunun, Ramazan ay\u0131n\u0131n ba\u015flamas\u0131na yak\u0131n bir tarihte yap\u0131lmas\u0131 bekleniyor. Ramazan bu y\u0131l 1 Mart\u2019ta ba\u015flayacak. Yetkililerden bu mevzuda bir a\u00e7\u0131klama yap\u0131lmas\u0131 bekleniyor.<\/p>\n<p><img decoding=\"async\" src=\"https:\/\/ikimisli.tr\/wp-content\/uploads\/2025\/04\/emekliye-bayram-ikramiyesi-gelecek-mi-2-Lf2fqW49.jpg\"\/><\/p>\n<p><strong>Bayram \u0130kramiyeleri Ne Vakit Yatacak?<\/strong><\/p>\n<p>\u00d6nceki y\u0131llardaki uygulamalara bak\u0131ld\u0131\u011f\u0131nda, bayram ikramiyelerinin bayramdan yakla\u015f\u0131k bir hafta evvel hesaplara yat\u0131r\u0131lmas\u0131 \u00f6ng\u00f6r\u00fcl\u00fcyor.<\/p>\n<p>Ramazan Bayram\u0131: 30 Mart 2025 tarihinde ba\u015flayacak. \u0130kramiyelerin 24-28 Mart tarihleri ortas\u0131nda \u00f6denmesi bekleniyor.<\/p>\n<p>Kurban Bayram\u0131: 6 Haziran 2025 tarihinde ba\u015flayacak. \u0130kramiyelerin ise 2-5 Haziran tarihlerinde hesaplara yat\u0131r\u0131lmas\u0131 planlan\u0131yor.<\/p>\n<p><img decoding=\"async\" src=\"https:\/\/ikimisli.tr\/wp-content\/uploads\/2025\/04\/emekliye-bayram-ikramiyesi-gelecek-mi-3-SlPahZOR.jpg\"\/><\/p>\n<p><strong>Kimler Bayram \u0130kramiyesi Alacak?<\/strong><\/p>\n<p>Bayram ikramiyelerinden yararlanacak k\u00fcmeler \u015fu halde s\u0131ralan\u0131yor:<\/p>\n<ul>\n<li>SSK, Ba\u011f-Kur ve Emekli Sand\u0131\u011f\u0131 emeklileri<\/li>\n<li>\u015eehit yak\u0131nlar\u0131 ve gaziler<\/li>\n<li>\u00d6l\u00fcm ayl\u0131\u011f\u0131 alan hak sahipleri<\/li>\n<li>Vazife ve harp malull\u00fc\u011f\u00fc ayl\u0131\u011f\u0131 alan er ve erba\u015flar<\/li>\n<li>Ge\u00e7ici k\u00f6y korucular\u0131<\/li>\n<li>\u015eeref ayl\u0131\u011f\u0131 alanlar<\/li>\n<li>Kore, K\u0131br\u0131s ve \u0130stiklal Sava\u015f\u0131 gazileri<\/li>\n<li>Ter\u00f6rden ziyan g\u00f6rmesi nedeniyle ayl\u0131k ba\u011flanan siviller ve vefat edenlerin hak sahipleri<\/li>\n<\/ul>\n","protected":false},"excerpt":{"rendered":"<p>Ramazan ay\u0131n\u0131n yakla\u015fmas\u0131 ile bir arada emeklilere verilecek bayram ikramiyesi \u00f6demeleri de g\u00fcndeme geldi. Ge\u00e7ti\u011fimiz y\u0131l yap\u0131lan y\u00fczde 50&#8217;lik art\u0131r\u0131mlarla bir arada 3 Bin TL olan emekli bayram ikramiyesinin 2025 y\u0131l\u0131nda ka\u00e7 lira olaca\u011f\u0131 merak ediliyor<\/p>\n","protected":false},"author":1,"featured_media":29915,"comment_status":"open","ping_status":"open","sticky":false,"template":"","format":"standard","meta":{"footnotes":""},"categories":[24],"tags":[406,1675,3013,1134],"class_list":["post-29914","post","type-post","status-publish","format-standard","has-post-thumbnail","hentry","category-ekonomi","tag-406","tag-bayram","tag-bayram-ikramiyeleri","tag-ikramiye"],"_links":{"self":[{"href":"https:\/\/ikimisli.tr\/index.php\/wp-json\/wp\/v2\/posts\/29914","targetHints":{"allow":["GET"]}}],"collection":[{"href":"https:\/\/ikimisli.tr\/index.php\/wp-json\/wp\/v2\/posts"}],"about":[{"href":"https:\/\/ikimisli.tr\/index.php\/wp-json\/wp\/v2\/types\/post"}],"author":[{"embeddable":true,"href":"https:\/\/ikimisli.tr\/index.php\/wp-json\/wp\/v2\/users\/1"}],"replies":[{"embeddable":true,"href":"https:\/\/ikimisli.tr\/index.php\/wp-json\/wp\/v2\/comments?post=29914"}],"version-history":[{"count":1,"href":"https:\/\/ikimisli.tr\/index.php\/wp-json\/wp\/v2\/posts\/29914\/revisions"}],"predecessor-version":[{"id":29920,"href":"https:\/\/ikimisli.tr\/index.php\/wp-json\/wp\/v2\/posts\/29914\/revisions\/29920"}],"wp:featuredmedia":[{"embeddable":true,"href":"https:\/\/ikimisli.tr\/index.php\/wp-json\/wp\/v2\/media\/29915"}],"wp:attachment":[{"href":"https:\/\/ikimisli.tr\/index.php\/wp-json\/wp\/v2\/media?parent=29914"}],"wp:term":[{"taxonomy":"category","embeddable":true,"href":"https:\/\/ikimisli.tr\/index.php\/wp-json\/wp\/v2\/categories?post=29914"},{"taxonomy":"post_tag","embeddable":true,"href":"https:\/\/ikimisli.tr\/index.php\/wp-json\/wp\/v2\/tags?post=29914"}],"curies":[{"name":"wp","href":"https:\/\/api.w.org\/{rel}","templated":true}]}}