{"id":29932,"date":"2025-04-22T21:24:09","date_gmt":"2025-04-22T21:24:09","guid":{"rendered":"https:\/\/ikimisli.tr\/?p=29932"},"modified":"2025-04-22T21:24:09","modified_gmt":"2025-04-22T21:24:09","slug":"torende-erdogani-kizdiran-sozler-hemen-mudahale-etti","status":"publish","type":"post","link":"https:\/\/ikimisli.tr\/index.php\/2025\/04\/22\/torende-erdogani-kizdiran-sozler-hemen-mudahale-etti\/","title":{"rendered":"T\u00f6rende Erdo\u011fan&#8217;\u0131 k\u0131zd\u0131ran s\u00f6zler: Hemen m\u00fcdahale etti"},"content":{"rendered":"<p>Cumhurba\u015fkan\u0131 ve AKP Genel Ba\u015fkan\u0131 Recep Tayyip Erdo\u011fan, 6 \u015eubat zelzelelerinin ikinci y\u0131l\u0131nda g\u00fcn uzunlu\u011fu s\u00fcren anma etkinliklerinin akabinde, hak sahiplerine anahtar teslim etti.<\/p>\n<p>&#8220;Bir Oluruz 6 \u015eubat Zelzeleleri Anma Program\u0131&#8221;nda Cumhurba\u015fkan\u0131 Tayyip Erdo\u011fan, sars\u0131nt\u0131lar\u0131n akabinde b\u00f6lgede in\u015fa \u00e7al\u0131\u015fmalar\u0131na katk\u0131 veren 42 kurum, kurulu\u015f ve \u00f6zel b\u00f6l\u00fcm temsilcilerine plaket verdi.<\/p>\n<p><b>&#8220;EN B\u00dcY\u00dcK HAYIRSEVER BEN\u0130M&#8221;<\/b><\/p>\n<p>Plaket almak i\u00e7in sahneye \u00e7\u0131kan Ziraat Bankas\u0131 Genel M\u00fcd\u00fcr\u00fc Alpaslan \u00c7akar Erdo\u011fan\u2019a, &#8220;Buradaki en b\u00fcy\u00fck hay\u0131rsever benim, en \u00e7ok paray\u0131 ben verdim&#8221; dedi.<\/p>\n<p><b>ERDO\u011eAN M\u00dcDAHALE ETT\u0130<\/b><\/p>\n<p>Erdo\u011fan \u00c7akar\u2019\u0131n bu a\u00e7\u0131klamas\u0131na reaksiyon g\u00f6stererek, \u201cKoskoca devlet bankas\u0131, b\u0131rak sen. Ben verdim deme devlet verdi\u201d s\u00f6zlerini kulland\u0131.<\/p>\n<p>Daha sonra salona seslenen Erdo\u011fan, \u201cBazen devlet kurumlar\u0131 hava at\u0131yorlar da diyorum ki millet verdi devlet verdi sizler de arac\u0131 oldunuz\u201d dedi.<\/p>\n<p>Cumhurba\u015fkan\u0131 Erdo\u011fan&#8217;\u0131n plaket verdi\u011fi isimler ortas\u0131nda T\u00fcrkiye \u0130\u015f Bankas\u0131 Genel M\u00fcd\u00fcr\u00fc Hakan Aran, Ziraat Bankas\u0131 Genel M\u00fcd\u00fcr\u00fc Alpaslan \u00c7akar, T\u00fcrkiye Vak\u0131flar Bankas\u0131 Genel M\u00fcd\u00fcr\u00fc Abdi Serdar \u00dcst\u00fcnsalih, T\u00fcrkiye Halk Bankas\u0131 Genel M\u00fcd\u00fcr\u00fc Osman Arslan, Ziraat \u0130\u015ftirak Bankas\u0131 Genel M\u00fcd\u00fcr\u00fc Metin \u00d6zdemir ve Vak\u0131f \u0130\u015ftirak Bankas\u0131 Genel M\u00fcd\u00fcr\u00fc Mehmet Ali Akben de yer ald\u0131.<\/p>\n","protected":false},"excerpt":{"rendered":"<p>Ad\u0131yaman&#8217;da d\u00fczenlenen anma ve anahtar teslim merasimine Cumhurba\u015fkan\u0131 Recep Tayyip Erdo\u011fan ile Ziraat Bankas\u0131 Genel M\u00fcd\u00fcr\u00fc Alpaslan \u00c7akar aras\u0131ndaki diyalog damga vurdu.<\/p>\n","protected":false},"author":1,"featured_media":29933,"comment_status":"open","ping_status":"open","sticky":false,"template":"","format":"standard","meta":{"footnotes":""},"categories":[25],"tags":[306,5087],"class_list":["post-29932","post","type-post","status-publish","format-standard","has-post-thumbnail","hentry","category-gundem","tag-erdogan","tag-verdi"],"_links":{"self":[{"href":"https:\/\/ikimisli.tr\/index.php\/wp-json\/wp\/v2\/posts\/29932","targetHints":{"allow":["GET"]}}],"collection":[{"href":"https:\/\/ikimisli.tr\/index.php\/wp-json\/wp\/v2\/posts"}],"about":[{"href":"https:\/\/ikimisli.tr\/index.php\/wp-json\/wp\/v2\/types\/post"}],"author":[{"embeddable":true,"href":"https:\/\/ikimisli.tr\/index.php\/wp-json\/wp\/v2\/users\/1"}],"replies":[{"embeddable":true,"href":"https:\/\/ikimisli.tr\/index.php\/wp-json\/wp\/v2\/comments?post=29932"}],"version-history":[{"count":1,"href":"https:\/\/ikimisli.tr\/index.php\/wp-json\/wp\/v2\/posts\/29932\/revisions"}],"predecessor-version":[{"id":29934,"href":"https:\/\/ikimisli.tr\/index.php\/wp-json\/wp\/v2\/posts\/29932\/revisions\/29934"}],"wp:featuredmedia":[{"embeddable":true,"href":"https:\/\/ikimisli.tr\/index.php\/wp-json\/wp\/v2\/media\/29933"}],"wp:attachment":[{"href":"https:\/\/ikimisli.tr\/index.php\/wp-json\/wp\/v2\/media?parent=29932"}],"wp:term":[{"taxonomy":"category","embeddable":true,"href":"https:\/\/ikimisli.tr\/index.php\/wp-json\/wp\/v2\/categories?post=29932"},{"taxonomy":"post_tag","embeddable":true,"href":"https:\/\/ikimisli.tr\/index.php\/wp-json\/wp\/v2\/tags?post=29932"}],"curies":[{"name":"wp","href":"https:\/\/api.w.org\/{rel}","templated":true}]}}