{"id":29980,"date":"2025-04-22T23:48:07","date_gmt":"2025-04-22T23:48:07","guid":{"rendered":"https:\/\/ikimisli.tr\/?p=29980"},"modified":"2025-04-22T23:48:07","modified_gmt":"2025-04-22T23:48:07","slug":"bugun-beni-vuramadiniz-paylasimi-yapti-aracindan-inerken-olduruldu","status":"publish","type":"post","link":"https:\/\/ikimisli.tr\/index.php\/2025\/04\/22\/bugun-beni-vuramadiniz-paylasimi-yapti-aracindan-inerken-olduruldu\/","title":{"rendered":"\u2018Bug\u00fcn beni vuramad\u0131n\u0131z\u2019 payla\u015f\u0131m\u0131 yapt\u0131, arac\u0131ndan inerken \u00f6ld\u00fcr\u00fcld\u00fc"},"content":{"rendered":"<p>\u2018Bug\u00fcn Beni Vuramad\u0131n\u0131z\u2019 Payla\u015f\u0131m\u0131 Yapt\u0131, Arac\u0131ndan \u0130nerken \u00d6ld\u00fcr\u00fcld\u00fc<\/p>\n<p>Adana\u2019da apartman\u0131n\u0131n otopark\u0131nda arac\u0131ndan inerken silahl\u0131 ak\u0131na u\u011frayan Saltuk Bu\u011fra Ke\u00e7eba\u015f, hayat\u0131n\u0131 kaybetti. Cinayetin \u00e7abucak \u00f6ncesinde Ke\u00e7eba\u015f\u2019\u0131n toplumsal medya hesab\u0131ndan dikkat \u00e7eken bir payla\u015f\u0131m yapt\u0131\u011f\u0131 ortaya \u00e7\u0131kt\u0131.<\/p>\n<p><b>Silahl\u0131 H\u00fccum Otoparkta Ger\u00e7ekle\u015fti<\/b><\/p>\n<p>Olay, 6 \u015eubat 2025 ak\u015fam saatlerinde Adana\u2019n\u0131n Seyhan il\u00e7esine ba\u011fl\u0131 G\u00fcrselpa\u015fa Mahallesi\u2019nde meydana geldi.<\/p>\n<p>Edinilen bilgilere nazaran, Saltuk Bu\u011fra Ke\u00e7eba\u015f, oturdu\u011fu apartman\u0131n otopark\u0131na arac\u0131n\u0131 park ettikten sonra silahl\u0131 taarruza u\u011frad\u0131. Kimli\u011fi \u015fimdi belirlenemeyen bir sald\u0131rgan\u0131n silah\u0131ndan \u00e7\u0131kan kur\u015funlar Ke\u00e7eba\u015f\u2019\u0131n bedeninin \u00e7e\u015fitli b\u00f6lgelerine isabet etti. A\u011f\u0131r yaralanan Ke\u00e7eba\u015f, ihbar \u00fczerine olay yerine gelen s\u0131hhat gruplar\u0131 taraf\u0131ndan hastaneye kald\u0131r\u0131ld\u0131. Lakin yap\u0131lan t\u00fcm m\u00fcdahalelere kar\u015f\u0131n kurtar\u0131lamayarak \u00f6mr\u00fcn\u00fc yitirdi.<\/p>\n<p><b>\u00d6ld\u00fcr\u00fclmeden Evvel Payla\u015f\u0131m Yapm\u0131\u015ft\u0131<\/b><\/p>\n<p>Sald\u0131r\u0131n\u0131n akabinde ortaya \u00e7\u0131kan ayr\u0131nt\u0131lar, olay\u0131n planl\u0131 olabilece\u011fi ihtimalini g\u00fc\u00e7lendirdi. Ke\u00e7eba\u015f\u2019\u0131n daha evvel de silahl\u0131 taarruza u\u011frad\u0131\u011f\u0131 ve bu olay sonras\u0131 toplumsal medya hesab\u0131ndan, \u201c\u00d6yle mermi s\u0131kmaya benzemez. Ramazan, F\u0131rat, Kamil ve sen bug\u00fcn beni vuramad\u0131n\u0131z\u201d tabirlerinin yer ald\u0131\u011f\u0131 k\u00fcf\u00fcrl\u00fc bir g\u00f6r\u00fcnt\u00fc payla\u015ft\u0131\u011f\u0131 \u00f6\u011frenildi.<\/p>\n<p>Sald\u0131rgan\u0131n olay sonras\u0131 ka\u00e7t\u0131\u011f\u0131 ve polis tak\u0131mlar\u0131n\u0131n \u015f\u00fcpheliyi yakalamak i\u00e7in geni\u015f \u00e7apl\u0131 bir soru\u015fturma ba\u015flatt\u0131\u011f\u0131 bildirildi. G\u00fcvenlik kameralar\u0131n\u0131n incelendi\u011fi ve olay\u0131n t\u00fcm taraflar\u0131yla ara\u015ft\u0131r\u0131ld\u0131\u011f\u0131 aktar\u0131ld\u0131.<\/p>\n","protected":false},"excerpt":{"rendered":"<p>Adana\u2019da oturdu\u011fu apartman\u0131n otopark\u0131nda silahl\u0131 taarruza u\u011frayan Saltuk Bu\u011fra Ke\u00e7eba\u015f hayat\u0131n\u0131 kaybetti. Olay\u0131n akabinde ortaya \u00e7\u0131kan ayr\u0131nt\u0131lar, cinayetin evvelce planlanm\u0131\u015f olabilece\u011fini d\u00fc\u015f\u00fcnd\u00fcr\u00fcyor. \u0130\u015fte olay\u0131n perde arkas\u0131\u2026<br \/>\nSaltuk Bu\u011fra Ke\u00e7eba\u015f, toplumsal medya hesab\u0131nda payla\u015ft\u0131\u011f\u0131 g\u00f6r\u00fcnt\u00fc ile birilerine meydan okudu. K\u0131sa bir m\u00fchlet sonra otoparkta silahl\u0131 ata\u011fa u\u011frayarak \u00f6ld\u00fcr\u00fcld\u00fc. Cinayetin ard\u0131ndaki s\u0131r perdesi aralan\u0131yor\u2026<\/p>\n","protected":false},"author":1,"featured_media":29981,"comment_status":"open","ping_status":"open","sticky":false,"template":"","format":"standard","meta":{"footnotes":""},"categories":[25],"tags":[171,567],"class_list":["post-29980","post","type-post","status-publish","format-standard","has-post-thumbnail","hentry","category-gundem","tag-olay","tag-saldiri"],"_links":{"self":[{"href":"https:\/\/ikimisli.tr\/index.php\/wp-json\/wp\/v2\/posts\/29980","targetHints":{"allow":["GET"]}}],"collection":[{"href":"https:\/\/ikimisli.tr\/index.php\/wp-json\/wp\/v2\/posts"}],"about":[{"href":"https:\/\/ikimisli.tr\/index.php\/wp-json\/wp\/v2\/types\/post"}],"author":[{"embeddable":true,"href":"https:\/\/ikimisli.tr\/index.php\/wp-json\/wp\/v2\/users\/1"}],"replies":[{"embeddable":true,"href":"https:\/\/ikimisli.tr\/index.php\/wp-json\/wp\/v2\/comments?post=29980"}],"version-history":[{"count":1,"href":"https:\/\/ikimisli.tr\/index.php\/wp-json\/wp\/v2\/posts\/29980\/revisions"}],"predecessor-version":[{"id":29982,"href":"https:\/\/ikimisli.tr\/index.php\/wp-json\/wp\/v2\/posts\/29980\/revisions\/29982"}],"wp:featuredmedia":[{"embeddable":true,"href":"https:\/\/ikimisli.tr\/index.php\/wp-json\/wp\/v2\/media\/29981"}],"wp:attachment":[{"href":"https:\/\/ikimisli.tr\/index.php\/wp-json\/wp\/v2\/media?parent=29980"}],"wp:term":[{"taxonomy":"category","embeddable":true,"href":"https:\/\/ikimisli.tr\/index.php\/wp-json\/wp\/v2\/categories?post=29980"},{"taxonomy":"post_tag","embeddable":true,"href":"https:\/\/ikimisli.tr\/index.php\/wp-json\/wp\/v2\/tags?post=29980"}],"curies":[{"name":"wp","href":"https:\/\/api.w.org\/{rel}","templated":true}]}}