{"id":30067,"date":"2025-04-23T04:36:09","date_gmt":"2025-04-23T04:36:09","guid":{"rendered":"https:\/\/ikimisli.tr\/?p=30067"},"modified":"2025-04-23T04:36:09","modified_gmt":"2025-04-23T04:36:09","slug":"istanbuldaki-kar-yagisi-trafigi-kilitledi","status":"publish","type":"post","link":"https:\/\/ikimisli.tr\/index.php\/2025\/04\/23\/istanbuldaki-kar-yagisi-trafigi-kilitledi\/","title":{"rendered":"\u0130stanbul&#8217;daki kar ya\u011f\u0131\u015f\u0131 trafi\u011fi kilitledi"},"content":{"rendered":"<p>\u0130ki k\u0131tay\u0131 ba\u011flayan 15 Temmuz \u015eehitler ve Fatih Sultan Mehmet k\u00f6pr\u00fcleri ile Avrasya T\u00fcneli&#8217;nde, Edirne istikametinde ara\u00e7lar zahmetle ilerliyor.<\/p>\n<p>Avrupa Yakas\u0131na ge\u00e7i\u015flerde, 15 Temmuz \u015eehitler K\u00f6pr\u00fcs\u00fc istikametinde trafik yo\u011funlu\u011fu Uzun\u00e7ay\u0131r kav\u015fa\u011f\u0131nda artarken, Fatih Sultan Mehmet K\u00f6pr\u00fcs\u00fc istikametinde ise \u00dcmraniye&#8217;de ba\u015flayarak k\u00f6pr\u00fc giri\u015flerine uzan\u0131yor.<\/p>\n<p>Avrupa Yakas\u0131&#8217;nda D-100 kara yolu Ankara istikametinde Zincirlikuyu-Mecidiyek\u00f6y ortas\u0131nda trafik yo\u011funlu\u011fu g\u00f6zleniyor.<\/p>\n<p>Hali\u00e7 K\u00f6pr\u00fcs\u00fc giri\u015finde ba\u015flayan yo\u011funluk Edirnekap\u0131&#8217;ya kadar tesirli olurken, TEM Otoyolu Ankara istikametinde ise Seyrantepe-Gaziosmanpa\u015fa ortas\u0131nda trafik yo\u011funlu\u011fu ya\u015fan\u0131yor.<\/p>\n<p>Anadolu Yakas\u0131&#8217;nda D-100 kara yolunda Kad\u0131k\u00f6y ve Kartal ortas\u0131 trafik, iki istikametli olarak yava\u015f ilerliyor. TEM Otoyolu&#8217;nda ise Ata\u015fehir ve Sancaktepe ortas\u0131nda aras\u0131nda trafik yo\u011funlu\u011fu g\u00f6r\u00fcl\u00fcyor. Her iki yakada da kimi ana arterlerle k\u0131y\u0131 yollar\u0131 ve TEM irtibat yollar\u0131nda da trafik yo\u011funlu\u011fu olu\u015ftu.<\/p>\n<p><b>Kar ya\u011f\u0131\u015f\u0131 nedeniyle kimi b\u00f6lgelerde kazalar meydana geldi<\/b><\/p>\n<p>\u0130\u015fe ve okula gitmek isteyenlerin, birtak\u0131m metrob\u00fcs, otob\u00fcs ve tramvay aktarma istasyonlar\u0131nda da yo\u011funluk olu\u015fturdu\u011fu g\u00f6r\u00fcld\u00fc.<\/p>\n<p>Ayr\u0131ca, kimi \u00fcst ge\u00e7itlerde meydana gelen buzlanmaya kar\u015f\u0131 belediye tak\u0131mlar\u0131nca tuzlama yap\u0131l\u0131yor.<\/p>\n<p>\u00d6te yandan, kar ya\u011f\u0131\u015f\u0131 nedeniyle kimi b\u00f6lgelerde kar k\u00fcreme ve tuzlama ara\u00e7lar\u0131 \u00e7al\u0131\u015fma ger\u00e7ekle\u015ftiriyor.<\/p>\n<p>Bununla birlikte, orta sokaklarda biriken kar nedeniyle kimi ara\u00e7lar\u0131n ilerleyemedi\u011fi g\u00f6zleniyor.<\/p>\n<p>Ya\u011f\u0131\u015f\u0131n tesiriyle birtak\u0131m b\u00f6lgelerde hasarl\u0131 ve yaralanmal\u0131 kazalar meydana geldi.<\/p>\n<p>\u0130BB Cep Trafik Uygulamas\u0131&#8217;nda trafik yo\u011funlu\u011fu Avrupa Yakas\u0131&#8217;nda y\u00fczde 65, Anadolu Yakas\u0131&#8217;nda y\u00fczde 78, kent genelinde ise y\u00fczde 69&#8217;a kadar \u00e7\u0131kt\u0131.<\/p>\n","protected":false},"excerpt":{"rendered":"<p>\u0130stanbul&#8217;da kar ya\u011f\u0131\u015f\u0131n\u0131n tesiriyle birtak\u0131m b\u00f6lgelerde trafik yo\u011funlu\u011fu olu\u015ftu. Kentin kimi b\u00f6lgelerinde tesirli olan karla kar\u0131\u015f\u0131k ya\u011fmurun tesiriyle D-100 kara yolu, TEM Otoyolu ve irtibat yollar\u0131nda trafik yava\u015f seyretmeye ba\u015flad\u0131.<\/p>\n","protected":false},"author":1,"featured_media":30068,"comment_status":"open","ping_status":"open","sticky":false,"template":"","format":"standard","meta":{"footnotes":""},"categories":[25],"tags":[2472,379,372,4899,4900],"class_list":["post-30067","post","type-post","status-publish","format-standard","has-post-thumbnail","hentry","category-gundem","tag-bazi","tag-kar","tag-kopru","tag-tem","tag-trafik-yogunlugu"],"_links":{"self":[{"href":"https:\/\/ikimisli.tr\/index.php\/wp-json\/wp\/v2\/posts\/30067","targetHints":{"allow":["GET"]}}],"collection":[{"href":"https:\/\/ikimisli.tr\/index.php\/wp-json\/wp\/v2\/posts"}],"about":[{"href":"https:\/\/ikimisli.tr\/index.php\/wp-json\/wp\/v2\/types\/post"}],"author":[{"embeddable":true,"href":"https:\/\/ikimisli.tr\/index.php\/wp-json\/wp\/v2\/users\/1"}],"replies":[{"embeddable":true,"href":"https:\/\/ikimisli.tr\/index.php\/wp-json\/wp\/v2\/comments?post=30067"}],"version-history":[{"count":1,"href":"https:\/\/ikimisli.tr\/index.php\/wp-json\/wp\/v2\/posts\/30067\/revisions"}],"predecessor-version":[{"id":30069,"href":"https:\/\/ikimisli.tr\/index.php\/wp-json\/wp\/v2\/posts\/30067\/revisions\/30069"}],"wp:featuredmedia":[{"embeddable":true,"href":"https:\/\/ikimisli.tr\/index.php\/wp-json\/wp\/v2\/media\/30068"}],"wp:attachment":[{"href":"https:\/\/ikimisli.tr\/index.php\/wp-json\/wp\/v2\/media?parent=30067"}],"wp:term":[{"taxonomy":"category","embeddable":true,"href":"https:\/\/ikimisli.tr\/index.php\/wp-json\/wp\/v2\/categories?post=30067"},{"taxonomy":"post_tag","embeddable":true,"href":"https:\/\/ikimisli.tr\/index.php\/wp-json\/wp\/v2\/tags?post=30067"}],"curies":[{"name":"wp","href":"https:\/\/api.w.org\/{rel}","templated":true}]}}