{"id":3009,"date":"2025-01-11T12:54:48","date_gmt":"2025-01-11T12:54:48","guid":{"rendered":"https:\/\/ikimisli.tr\/?p=3009"},"modified":"2025-01-11T12:54:48","modified_gmt":"2025-01-11T12:54:48","slug":"hakemi-dovmeye-kalkan-maskot-gozaltina-alindi","status":"publish","type":"post","link":"https:\/\/ikimisli.tr\/index.php\/2025\/01\/11\/hakemi-dovmeye-kalkan-maskot-gozaltina-alindi\/","title":{"rendered":"Hakemi d\u00f6vmeye kalkan maskot, g\u00f6zalt\u0131na al\u0131nd\u0131"},"content":{"rendered":"<p>G\u00f6ztepe Basketbol Ekibi, grubun yeni maskotu K\u2019ANKA&#8217;y\u0131 Kocaeli Ka\u011f\u0131tspor ma\u00e7\u0131nda taraftar\u0131yla bulu\u015fturdu.<\/p>\n<p>Bornova Atat\u00fcrk Spor Kompleksi\u2019nde oynanan gayrete ya\u015fanan gerginlik damga vurdu.<\/p>\n<p><img decoding=\"async\" src=\"https:\/\/ikimisli.tr\/wp-content\/uploads\/2025\/01\/hakemi-dovmeye-kalkan-maskot-gozaltina-alindi-0-BC2hecNq.jpg\"\/><\/p>\n<p><b>HAKEM\u0130N \u00dcZER\u0130NE Y\u00dcR\u00dcD\u00dc<\/b><\/p>\n<p>20 y\u0131l ortadan sonra parkelere d\u00f6nen ve T\u00fcrkiye Basketbol 2. Ligi\u2019nde gayret eden G\u00f6ztepe Basketbol Grubu, Kocaeli Ka\u011f\u0131tspor ile kar\u015f\u0131 kar\u015f\u0131ya geldi. 78-70&#8217;lik skorla alandan boynu b\u00fck\u00fck ayr\u0131lan G\u00f6ztepe Basketbol\u2019un yeni maskotu K\u2019ANKA, ma\u00e7 s\u0131ras\u0131nda hakemle tart\u0131\u015fma ya\u015fad\u0131.\u00a0<\/p>\n<p>G\u00f6ztepe Basketbol\u2019un simgesi haline gelmesi beklenen yeni maskot, hakemin \u00fczerine y\u00fcr\u00fcd\u00fc. Gerginli\u011fi yat\u0131\u015ft\u0131rmak isteyen polislerle tart\u0131\u015fma ya\u015fayan K\u2019ANKA, olaylar\u0131n akabinde g\u00f6zalt\u0131na al\u0131nd\u0131. S\u00f6z\u00fc al\u0131nan maskot, daha sonra h\u00fcr b\u0131rak\u0131ld\u0131.<\/p>\n<p><img decoding=\"async\" src=\"https:\/\/ikimisli.tr\/wp-content\/uploads\/2025\/01\/hakemi-dovmeye-kalkan-maskot-gozaltina-alindi-1-OzTfUUjD.jpg\"\/><\/p>\n","protected":false},"excerpt":{"rendered":"<p>G\u00f6ztepe Basketbol Ekibi&#8217;nin yeni maskotu K&#8217;ANKA, taraftarla bulu\u015ftu\u011fu birinci ma\u00e7ta hakemin \u00fczerine y\u00fcr\u00fcd\u00fc, polislerle tart\u0131\u015fma ya\u015fad\u0131 ve g\u00f6z alt\u0131na al\u0131n\u0131p \u00f6zg\u00fcr b\u0131rak\u0131ld\u0131.<\/p>\n","protected":false},"author":1,"featured_media":3010,"comment_status":"open","ping_status":"open","sticky":false,"template":"","format":"standard","meta":{"footnotes":""},"categories":[30],"tags":[801],"class_list":["post-3009","post","type-post","status-publish","format-standard","has-post-thumbnail","hentry","category-spor","tag-basketbol"],"_links":{"self":[{"href":"https:\/\/ikimisli.tr\/index.php\/wp-json\/wp\/v2\/posts\/3009","targetHints":{"allow":["GET"]}}],"collection":[{"href":"https:\/\/ikimisli.tr\/index.php\/wp-json\/wp\/v2\/posts"}],"about":[{"href":"https:\/\/ikimisli.tr\/index.php\/wp-json\/wp\/v2\/types\/post"}],"author":[{"embeddable":true,"href":"https:\/\/ikimisli.tr\/index.php\/wp-json\/wp\/v2\/users\/1"}],"replies":[{"embeddable":true,"href":"https:\/\/ikimisli.tr\/index.php\/wp-json\/wp\/v2\/comments?post=3009"}],"version-history":[{"count":1,"href":"https:\/\/ikimisli.tr\/index.php\/wp-json\/wp\/v2\/posts\/3009\/revisions"}],"predecessor-version":[{"id":3013,"href":"https:\/\/ikimisli.tr\/index.php\/wp-json\/wp\/v2\/posts\/3009\/revisions\/3013"}],"wp:featuredmedia":[{"embeddable":true,"href":"https:\/\/ikimisli.tr\/index.php\/wp-json\/wp\/v2\/media\/3010"}],"wp:attachment":[{"href":"https:\/\/ikimisli.tr\/index.php\/wp-json\/wp\/v2\/media?parent=3009"}],"wp:term":[{"taxonomy":"category","embeddable":true,"href":"https:\/\/ikimisli.tr\/index.php\/wp-json\/wp\/v2\/categories?post=3009"},{"taxonomy":"post_tag","embeddable":true,"href":"https:\/\/ikimisli.tr\/index.php\/wp-json\/wp\/v2\/tags?post=3009"}],"curies":[{"name":"wp","href":"https:\/\/api.w.org\/{rel}","templated":true}]}}