{"id":30145,"date":"2025-04-23T09:00:17","date_gmt":"2025-04-23T09:00:17","guid":{"rendered":"https:\/\/ikimisli.tr\/?p=30145"},"modified":"2025-04-23T09:00:17","modified_gmt":"2025-04-23T09:00:17","slug":"panama-baskiya-dayanamadi-cini-uzecek-haber","status":"publish","type":"post","link":"https:\/\/ikimisli.tr\/index.php\/2025\/04\/23\/panama-baskiya-dayanamadi-cini-uzecek-haber\/","title":{"rendered":"Panama bask\u0131ya dayanamad\u0131: \u00c7in&#8217;i \u00fczecek haber"},"content":{"rendered":"<p>Panama, \u00c7in\u2019in dev altyap\u0131 ve yat\u0131r\u0131m projesi Nesil ve Yol Giri\u015fimi\u2019nden \u00e7ekildi\u011fini resmen Pekin\u2019e bildirdi. Devlet Ba\u015fkan\u0131 Jos\u00e9 Ra\u00fal Mulino, Per\u015fembe g\u00fcn\u00fc yapt\u0131\u011f\u0131 a\u00e7\u0131klamada, \u00fclkesinin 2017\u2019de imzalad\u0131\u011f\u0131 mutabakat zapt\u0131ndan \u00e7ekilmek i\u00e7in gerekli 90 g\u00fcnl\u00fck bildirimi \u00c7in\u2019deki b\u00fcy\u00fckel\u00e7ili\u011fi arac\u0131l\u0131\u011f\u0131yla iletti\u011fini duyurdu.  <\/p>\n<p>Mulino, \u201cBu muahedeyi \u00c7in ile kim imzalad\u0131 bilmiyorum. Bu mutabakat, Panama\u2019ya t\u00fcm bu y\u0131llar boyunca ne kazand\u0131rd\u0131? Nesil ve Yol Giri\u015fimi\u2019nin \u00fclkemize getirdi\u011fi b\u00fcy\u00fck kazan\u0131mlar neler?\u201d dedi ve &#8220;art\u0131k bu projeye kat\u0131lmayaca\u011f\u0131z&#8221; kelamlar\u0131yla konu\u015fmas\u0131n\u0131 noktalad\u0131.<\/p>\n<p>Mulino, Panama Kanal\u0131\u2019ndaki \u00c7in yat\u0131r\u0131mlar\u0131na dair tela\u015flara de de\u011findi. ABD Ba\u015fkan\u0131 Donald Trump ve yeni idaresinin yak\u0131ndan takip etti\u011fi su yolunda Pekin\u2019in direkt bir varl\u0131\u011f\u0131 bulunmad\u0131\u011f\u0131n\u0131 belirtti.<\/p>\n<p>Ancak, 2018\u2019de devlete ili\u015fkin olan \u00c7in Liman M\u00fchendisli\u011fi \u015eirketi&#8217;nin kanal \u00fczerindeki bir k\u00f6pr\u00fc ihalesini kazand\u0131\u011f\u0131n\u0131, Hong Kong merkezli Hutchison Ports\u2019un ise 2021\u2019den itibaren kanal\u0131n Atlantik ve Pasifik \u00e7\u0131k\u0131\u015flar\u0131nda iki liman i\u015fletme hakk\u0131 ald\u0131\u011f\u0131n\u0131 hat\u0131rlatt\u0131.<\/p>\n","protected":false},"excerpt":{"rendered":"<p>Panama, \u00c7in\u2019in Jenerasyon ve Yol Giri\u015fimi\u2019nden \u00e7ekildi\u011fini resmen duyurdu. Devlet Ba\u015fkan\u0131 Jos\u00e9 Ra\u00fal Mulino, projeye devam etmeyeceklerini a\u00e7\u0131klad\u0131. Karar, ABD\u2019nin yak\u0131ndan takip etti\u011fi Panama Kanal\u0131\u2019ndaki \u00c7in yat\u0131r\u0131mlar\u0131n\u0131n, ABD Ba\u015fkan\u0131 Donald Trump taraf\u0131ndan ele\u015ftirilmesinden sonra geldi.<\/p>\n","protected":false},"author":1,"featured_media":30146,"comment_status":"open","ping_status":"open","sticky":false,"template":"","format":"standard","meta":{"footnotes":""},"categories":[43],"tags":[771],"class_list":["post-30145","post","type-post","status-publish","format-standard","has-post-thumbnail","hentry","category-dunya","tag-cin"],"_links":{"self":[{"href":"https:\/\/ikimisli.tr\/index.php\/wp-json\/wp\/v2\/posts\/30145","targetHints":{"allow":["GET"]}}],"collection":[{"href":"https:\/\/ikimisli.tr\/index.php\/wp-json\/wp\/v2\/posts"}],"about":[{"href":"https:\/\/ikimisli.tr\/index.php\/wp-json\/wp\/v2\/types\/post"}],"author":[{"embeddable":true,"href":"https:\/\/ikimisli.tr\/index.php\/wp-json\/wp\/v2\/users\/1"}],"replies":[{"embeddable":true,"href":"https:\/\/ikimisli.tr\/index.php\/wp-json\/wp\/v2\/comments?post=30145"}],"version-history":[{"count":1,"href":"https:\/\/ikimisli.tr\/index.php\/wp-json\/wp\/v2\/posts\/30145\/revisions"}],"predecessor-version":[{"id":30147,"href":"https:\/\/ikimisli.tr\/index.php\/wp-json\/wp\/v2\/posts\/30145\/revisions\/30147"}],"wp:featuredmedia":[{"embeddable":true,"href":"https:\/\/ikimisli.tr\/index.php\/wp-json\/wp\/v2\/media\/30146"}],"wp:attachment":[{"href":"https:\/\/ikimisli.tr\/index.php\/wp-json\/wp\/v2\/media?parent=30145"}],"wp:term":[{"taxonomy":"category","embeddable":true,"href":"https:\/\/ikimisli.tr\/index.php\/wp-json\/wp\/v2\/categories?post=30145"},{"taxonomy":"post_tag","embeddable":true,"href":"https:\/\/ikimisli.tr\/index.php\/wp-json\/wp\/v2\/tags?post=30145"}],"curies":[{"name":"wp","href":"https:\/\/api.w.org\/{rel}","templated":true}]}}