{"id":30333,"date":"2025-04-23T19:36:19","date_gmt":"2025-04-23T19:36:19","guid":{"rendered":"https:\/\/ikimisli.tr\/?p=30333"},"modified":"2025-04-23T19:36:19","modified_gmt":"2025-04-23T19:36:19","slug":"chpli-barut-olumlerin-sorumlusu-iktidardir","status":"publish","type":"post","link":"https:\/\/ikimisli.tr\/index.php\/2025\/04\/23\/chpli-barut-olumlerin-sorumlusu-iktidardir\/","title":{"rendered":"CHP&#8217;li Barut: &#8220;\u00d6l\u00fcmlerin sorumlusu iktidard\u0131r&#8221;"},"content":{"rendered":"<p>CHP&#8217;li Barut, &#8220;\u015eimdi Ankara&#8217;da, daha ge\u00e7en ay \u0130stanbul&#8217;da, \u00f6ncesinde ise yurdun de\u011fi\u015fik b\u00f6lgelerinde onlarca insan\u0131m\u0131z uydurma alkol t\u00fcketimi nedeniyle \u00f6mr\u00fcn\u00fc yitirdi. S\u00fcreci izlemekle yetinen, k\u00e2fi kontrol ve tedbirleri almayan, tahlil i\u00e7in ad\u0131m atmayan iktidar bu \u00f6l\u00fcmlerin sorumlusudur, hukuk \u00f6n\u00fcnde hesap vermek zorundalar&#8221; diyerek kelamlar\u0131na \u015f\u00f6yle devam etti:<\/p>\n<p><b>&#8220;\u00d6L\u00dcMLER\u0130 VE FELAKETLER\u0130 SEYRETMEY\u0130N&#8221;<\/b><\/p>\n<p>\u0130stanbul&#8217;da ge\u00e7en ay d\u00fczmece alkol t\u00fcketimine ba\u011fl\u0131 onlarca ki\u015finin vefat\u0131 sonras\u0131nda art\u0131k de Ankara&#8217;da 33 ki\u015finin hayat\u0131n\u0131 yitirdi\u011fini hat\u0131rlatan Ayhan Barut, 20 ki\u015finin de hastanelerde tedavisinin s\u00fcrd\u00fc\u011f\u00fcn\u00fc aktard\u0131. Vefatlar\u0131 \u00f6nlemek ismine ivedilikle ad\u0131m at\u0131lmas\u0131 gerekti\u011fini bildiren Barut, &#8220;Sahte i\u00e7ki \u00fcretimi ve t\u00fcketimi halk s\u0131hhatine, \u00fclke iktisad\u0131na ve etrafa \u00f6nemli tehdit olu\u015fturuyor. Lakin iktidar, alkol t\u00fcketimini yasaklamay\u0131 hedefleyen fikirlerinden \u00f6t\u00fcr\u00fc bug\u00fcne kadar KDV ve \u00d6TV oranlar\u0131n\u0131 d\u00fc\u015f\u00fcrme, k\u00e2fi tedbir alma ve kontrolleri art\u0131rma konusunda ad\u0131m atmaktan ka\u00e7\u0131nd\u0131. O vakit da uyard\u0131k, art\u0131k de uyar\u0131yoruz. Vefatlar\u0131 ve felaketleri seyretmeyin&#8221; diye konu\u015ftu.<\/p>\n<p><b>&#8220;UYARDIK, D\u0130NLEMED\u0130LER, HESAP VERMEL\u0130LER&#8221;<\/b><\/p>\n<p>Sahte alkol t\u00fcketimine ba\u011fl\u0131 felaketlerin \u0130stanbul ve Ankara&#8217;daki facialarla sonlu olmad\u0131\u011f\u0131n\u0131, ge\u00e7ti\u011fimiz y\u0131llarda da emsal durumlar\u0131n ya\u015fand\u0131\u011f\u0131n\u0131 fakat iktidar\u0131n ad\u0131m atmaktan ka\u00e7\u0131nd\u0131\u011f\u0131n\u0131 dillendiren Barut, &#8220;\u0130ktidar bazen perde gerisinde bazen ise a\u00e7\u0131ktan insanlar\u0131n hayat bi\u00e7imlerine kar\u0131\u015f\u0131yor. Alkoll\u00fc i\u00e7kilerdeki y\u00fcksek KDV ve \u00d6TV oranlar\u0131 ile daima yap\u0131lan art\u0131r\u0131mlar da, d\u00fczmece ve ka\u00e7ak i\u00e7kiye y\u00f6nelimi artt\u0131r\u0131yor. Ekonomik krizin ve hayat pahal\u0131l\u0131\u011f\u0131n\u0131n direkt bir sonucu ya\u015fanan facialar\u0131 daha ne kadar seyredecekler? Uyard\u0131k tekraren lakin dinlemediler. T\u00fcm sorumlular hukuk \u00f6n\u00fcnde hesap vermeli, bu facia art\u0131k durdurulmal\u0131d\u0131r. Gerekli d\u00fczenlemelerin yap\u0131lmas\u0131, aktif kontroller ger\u00e7ekle\u015ftirilmesi, uydurma alkol t\u00fcketimini \u00f6nleyici ad\u0131mlar at\u0131lmas\u0131n\u0131 istiyoruz&#8221; halinde konu\u015ftu.<\/p>\n","protected":false},"excerpt":{"rendered":"<p>CHP Adana Milletvekili ve TBMM Tar\u0131m, Orman ve K\u00f6yi\u015fleri Kurulu \u00dcyesi Ayhan Barut, son olarak Ankara&#8217;da 33 ki\u015finin \u00f6mr\u00fcn\u00fc yitirmesine neden olan uydurma alkol t\u00fcketimine ba\u011fl\u0131 \u00f6l\u00fcmlerin sorumlusu iktidar\u0131n hesap vermesini istedi.<\/p>\n","protected":false},"author":1,"featured_media":30334,"comment_status":"open","ping_status":"open","sticky":false,"template":"","format":"standard","meta":{"footnotes":""},"categories":[25],"tags":[5136,5137,1578],"class_list":["post-30333","post","type-post","status-publish","format-standard","has-post-thumbnail","hentry","category-gundem","tag-adim","tag-alkol-tuketimi","tag-sahte"],"_links":{"self":[{"href":"https:\/\/ikimisli.tr\/index.php\/wp-json\/wp\/v2\/posts\/30333","targetHints":{"allow":["GET"]}}],"collection":[{"href":"https:\/\/ikimisli.tr\/index.php\/wp-json\/wp\/v2\/posts"}],"about":[{"href":"https:\/\/ikimisli.tr\/index.php\/wp-json\/wp\/v2\/types\/post"}],"author":[{"embeddable":true,"href":"https:\/\/ikimisli.tr\/index.php\/wp-json\/wp\/v2\/users\/1"}],"replies":[{"embeddable":true,"href":"https:\/\/ikimisli.tr\/index.php\/wp-json\/wp\/v2\/comments?post=30333"}],"version-history":[{"count":1,"href":"https:\/\/ikimisli.tr\/index.php\/wp-json\/wp\/v2\/posts\/30333\/revisions"}],"predecessor-version":[{"id":30335,"href":"https:\/\/ikimisli.tr\/index.php\/wp-json\/wp\/v2\/posts\/30333\/revisions\/30335"}],"wp:featuredmedia":[{"embeddable":true,"href":"https:\/\/ikimisli.tr\/index.php\/wp-json\/wp\/v2\/media\/30334"}],"wp:attachment":[{"href":"https:\/\/ikimisli.tr\/index.php\/wp-json\/wp\/v2\/media?parent=30333"}],"wp:term":[{"taxonomy":"category","embeddable":true,"href":"https:\/\/ikimisli.tr\/index.php\/wp-json\/wp\/v2\/categories?post=30333"},{"taxonomy":"post_tag","embeddable":true,"href":"https:\/\/ikimisli.tr\/index.php\/wp-json\/wp\/v2\/tags?post=30333"}],"curies":[{"name":"wp","href":"https:\/\/api.w.org\/{rel}","templated":true}]}}