{"id":30353,"date":"2025-04-23T20:48:10","date_gmt":"2025-04-23T20:48:10","guid":{"rendered":"https:\/\/ikimisli.tr\/?p=30353"},"modified":"2025-04-23T20:48:10","modified_gmt":"2025-04-23T20:48:10","slug":"bodrumda-zamanin-durdugu-an-komutanim-burada-agabeyimi-kaybettim","status":"publish","type":"post","link":"https:\/\/ikimisli.tr\/index.php\/2025\/04\/23\/bodrumda-zamanin-durdugu-an-komutanim-burada-agabeyimi-kaybettim\/","title":{"rendered":"Bodrum&#8217;da &#8216;Zaman\u0131n durdu\u011fu an&#8217;: &#8216;Komutan\u0131m burada a\u011fabeyimi kaybettim"},"content":{"rendered":"<p>Mu\u011fla\u2019n\u0131n Bodrum il\u00e7esinde mevt yolu haline gelen ve bir y\u0131lda \u00fc\u00e7 ki\u015finin hayat\u0131n\u0131 yitirdi\u011fi turistik Torba Mahallesi- G\u00f6lk\u00f6y karayolunun Demirb\u00fck\u00fc Mevkii\u2019nde Bodrum \u0130l\u00e7e Jandarma Komutanl\u0131\u011f\u0131 Trafik K\u0131s\u0131m Komutanl\u0131\u011f\u0131 taraf\u0131ndan haz\u0131rlanan proje kapsam\u0131nda \u015fof\u00f6rlere y\u00f6nelik \u201cHatal\u0131 ge\u00e7me, Vefat\u0131 se\u00e7me\u201d mottosuyla fark\u0131ndal\u0131k aktifli\u011fi d\u00fczenlendi.<\/p>\n<p><b>B\u0130R YILDA \u00dc\u00c7 VATANDA\u015eIN \u00d6LD\u00dc\u011e\u00dc NOKTADA FARKINDALIK AKT\u0130FL\u0130\u011e\u0130 YAPILDI<\/b><\/p>\n<p>Hatal\u0131 sollama nedeniyle birebir noktada 3 \u00f6l\u00fcml\u00fc kazan\u0131n meydana geldi\u011fi yerde \u201cBU YILDA YANLI\u015eLI SOLLAMA NEDEN\u0130YLE MEYDANA GELEN \u00d6L\u00dcML\u00dc KAZALAR\u201d yaz\u0131l\u0131 ve \u00fc\u00e7 \u00f6l\u00fcml\u00fc kazan\u0131n foto\u011fraflar\u0131n\u0131n yer ald\u0131\u011f\u0131 pankart\u0131 a\u00e7\u0131p \u015fof\u00f6rleri durdurduktan sonra bilgilendirme a\u00e7\u0131klamalar\u0131 yapt\u0131.<\/p>\n<p><img decoding=\"async\" src=\"https:\/\/ikimisli.tr\/wp-content\/uploads\/2025\/04\/bodrumda-zamanin-durdugu-an-komutanim-burada-agabeyimi-kaybettim-0-ctmgIaSh.jpeg\"\/><\/p>\n<p><b>&#8220;ZAMANIN DURDU\u011eU AN&#8221;<\/b><\/p>\n<p>Jandarma trafik kumandan\u0131n\u0131n durdurulan ara\u00e7 \u015fof\u00f6rlerine yapt\u0131\u011f\u0131 konu\u015fma s\u0131ras\u0131nda \u201cBu pankart\u0131 g\u00f6r\u00fcyor musunuz, i\u015fte tam bu noktada kusurlu sollama nedeniyle bir y\u0131lda tam \u00fc\u00e7 vatanda\u015f\u0131m\u0131z \u00f6mr\u00fcn\u00fc yitirdi, l\u00fctfen kurallara uyun yan\u0131lg\u0131l\u0131 sollamay\u0131n, kurallara uyun, ya\u015fama tutunun \u201c uyar\u0131s\u0131 yapt\u0131\u011f\u0131 anda bir \u015fof\u00f6r\u00fcn \u201cKomutan\u0131m burada a\u011fabeyimi kaybettim\u201d demesi ile hisli anlar ya\u015fand\u0131. Komutan\u0131n s\u00f6zleri bo\u011faz\u0131nda d\u00fc\u011f\u00fcmlendi \u201cBa\u015f\u0131n\u0131z sa\u011f olsun, l\u00fctfen dikkatli olun\u201d diyebildi.<\/p>\n<p>Yakla\u015f\u0131k bir saat s\u00fcren aktiflikte Jandarma trafik kumandanlar\u0131 \u015fof\u00f6rlere ayr\u0131yeten &#8220;H\u0131z limitlerine uyuyorsan bayram yolunda her \u015fey yolunda&#8221; bro\u015f\u00fcrleri da\u011f\u0131tt\u0131. Drone ile manzaralar al\u0131nd\u0131. Bilgilendirme etkinliklerinin \u00f6l\u00fcml\u00fc trafik kazalar\u0131n\u0131n ya\u015fand\u0131\u011f\u0131 Bodrum\u2019un \u00f6teki mahallelerinde devam edece\u011fi belirtildi.<\/p>\n","protected":false},"excerpt":{"rendered":"<p>Bodrum\u2019da jandarma trafik gruplar\u0131n\u0131n mevt yolu haline geldi\u011fi turistik Torba- G\u00f6lk\u00f6y yolunda &#8216;Hatal\u0131 ge\u00e7i\u015f yok, Hayat var&#8217; fark\u0131ndal\u0131k aktifli\u011fi yapt\u0131. Bir y\u0131lda \u00fc\u00e7 ki\u015finin yan\u0131lg\u0131l\u0131 sollama nedeniyle \u00f6ld\u00fc\u011f\u00fc noktada yap\u0131lan bilgilendirmeler s\u0131ras\u0131nda ise bir s\u00fcr\u00fcc\u00fcn \u201cKomutan\u0131m burada a\u011fabeyimi kaybettim\u201d demesiyle hisli anlar ya\u015fand\u0131, kumandan\u0131, bo\u011faz\u0131 d\u00fc\u011f\u00fcmlendi, yaln\u0131zca \u201cBa\u015f\u0131n\u0131z sa\u011f olsun dikkatli olun\u201d diyebildi.<\/p>\n","protected":false},"author":1,"featured_media":30354,"comment_status":"open","ping_status":"open","sticky":false,"template":"","format":"standard","meta":{"footnotes":""},"categories":[25],"tags":[5139,667],"class_list":["post-30353","post","type-post","status-publish","format-standard","has-post-thumbnail","hentry","category-gundem","tag-hatali","tag-olum"],"_links":{"self":[{"href":"https:\/\/ikimisli.tr\/index.php\/wp-json\/wp\/v2\/posts\/30353","targetHints":{"allow":["GET"]}}],"collection":[{"href":"https:\/\/ikimisli.tr\/index.php\/wp-json\/wp\/v2\/posts"}],"about":[{"href":"https:\/\/ikimisli.tr\/index.php\/wp-json\/wp\/v2\/types\/post"}],"author":[{"embeddable":true,"href":"https:\/\/ikimisli.tr\/index.php\/wp-json\/wp\/v2\/users\/1"}],"replies":[{"embeddable":true,"href":"https:\/\/ikimisli.tr\/index.php\/wp-json\/wp\/v2\/comments?post=30353"}],"version-history":[{"count":1,"href":"https:\/\/ikimisli.tr\/index.php\/wp-json\/wp\/v2\/posts\/30353\/revisions"}],"predecessor-version":[{"id":30356,"href":"https:\/\/ikimisli.tr\/index.php\/wp-json\/wp\/v2\/posts\/30353\/revisions\/30356"}],"wp:featuredmedia":[{"embeddable":true,"href":"https:\/\/ikimisli.tr\/index.php\/wp-json\/wp\/v2\/media\/30354"}],"wp:attachment":[{"href":"https:\/\/ikimisli.tr\/index.php\/wp-json\/wp\/v2\/media?parent=30353"}],"wp:term":[{"taxonomy":"category","embeddable":true,"href":"https:\/\/ikimisli.tr\/index.php\/wp-json\/wp\/v2\/categories?post=30353"},{"taxonomy":"post_tag","embeddable":true,"href":"https:\/\/ikimisli.tr\/index.php\/wp-json\/wp\/v2\/tags?post=30353"}],"curies":[{"name":"wp","href":"https:\/\/api.w.org\/{rel}","templated":true}]}}