{"id":30419,"date":"2025-04-24T00:36:06","date_gmt":"2025-04-24T00:36:06","guid":{"rendered":"https:\/\/ikimisli.tr\/?p=30419"},"modified":"2025-04-24T00:36:06","modified_gmt":"2025-04-24T00:36:06","slug":"internetten-alisveris-yapan-herkesi-ilgilendiriyor-o-urunler-sagliginizi-tehdit-ediyor","status":"publish","type":"post","link":"https:\/\/ikimisli.tr\/index.php\/2025\/04\/24\/internetten-alisveris-yapan-herkesi-ilgilendiriyor-o-urunler-sagliginizi-tehdit-ediyor\/","title":{"rendered":"\u0130nternetten al\u0131\u015fveri\u015f yapan herkesi ilgilendiriyor: O \u00fcr\u00fcnler sa\u011fl\u0131\u011f\u0131n\u0131z\u0131 tehdit ediyor"},"content":{"rendered":"<p>Ayhan Demircan, kesimde g\u00fcne\u015f g\u00f6zl\u00fc\u011f\u00fcyle optik eserleri birbirinden ay\u0131rarak k\u0131ymetlendirmek gerekti\u011fini, optik konusunun toplum g\u00f6z s\u0131hhati a\u00e7\u0131s\u0131ndan \u00e7ok daha k\u0131ymetli ve \u015fuur gerektiren bir husus oldu\u011funu kaydetti.<\/p>\n<p>T\u00fcketicilerin g\u00f6zl\u00fcklerini son ana kadar kullanmay\u0131 tercih ettiklerini belirten Demircan, &#8220;Cam\u0131 \u00e7iziliyor, \u00e7izik haliyle kullanmaya devam ediyor. Fakat \u00e7er\u00e7evesi k\u0131r\u0131ld\u0131\u011f\u0131nda, cam\u0131 k\u0131r\u0131ld\u0131\u011f\u0131nda yahut art\u0131k numaras\u0131 de\u011fi\u015fti\u011finde g\u00f6zl\u00fc\u011f\u00fcn\u00fc de\u011fi\u015ftirme yoluna gidiyor. M\u00fcnasebetiyle bu da b\u00f6l\u00fcmde bir daralmaya sebep oluyor. Bir de malum fiyatlar y\u00fckseldi. Asl\u0131nda enflasyonla orant\u0131lad\u0131\u011f\u0131m\u0131zda optik b\u00f6l\u00fcm\u00fc enflasyon oran\u0131nda y\u00fckselmedi diyebiliriz&#8221; tabirlerini kulland\u0131.<\/p>\n<p>Demircan, T\u00fcrkiye&#8217;de 100&#8217;\u00fcn \u00fczerinde g\u00f6zl\u00fck \u00fcretimi yapan fabrika oldu\u011funu belirterek, \u015funlar\u0131 aktard\u0131:<\/p>\n<p><strong>&#8220;\u00c7ok say\u0131da yerli \u00fcretim ger\u00e7ekle\u015ftiren fabrikam\u0131z var fakat markala\u015fm\u0131\u015f de\u011filiz maalesef. T\u00fcrkiye&#8217;nin markala\u015fmaya muhta\u00e7l\u0131\u011f\u0131 var. Milletleraras\u0131 markalar T\u00fcrkiye&#8217;de kendi markas\u0131n\u0131 sat\u0131yor. Bu markalar\u0131n pop\u00fclaritesi \u00fczere bizim de eserlerimizin i\u00e7erisinde pop\u00fclaritesi y\u00fcksek markalar yaratabilirsek \u00e7ok daha ba\u015far\u0131l\u0131 olacak. T\u00fcrkiye&#8217;de daha \u00e7ok enjeksiyon g\u00f6zl\u00fck \u00fcretiyoruz, enjeksiyon g\u00f6zl\u00fc\u011f\u00fcn \u00fcretimi adetsel manada da \u00e7ok s\u00fcratli \u00fcretilir. Fiyat\u0131 da daha uygundur. \u00c7in ile yar\u0131\u015f\u0131r vaziyetteyiz \u015fu anda. Asetat g\u00f6zl\u00fck \u00fcretmeye de ba\u015flad\u0131k. T\u00fcrkiye&#8217;de ihracat da az\u0131msanmayacak kadar fazla. \u0130hracat\u0131m\u0131z daha \u00e7ok T\u00fcrk Cumhuriyetlerine, Arap co\u011frafyas\u0131na. Avrupa&#8217;ya ihracat\u0131m\u0131z yok denecek kadar az&#8221;<\/strong> dedi. <\/p>\n<p>Baz\u0131 k\u00fcresel e-ticaret platformlar\u0131nda numaral\u0131 optik g\u00f6zl\u00fck sat\u0131\u015f\u0131n\u0131n oldu\u011funu lisana getiren Demircan, <strong>&#8220;Son periyotta artan e-ticaret sat\u0131\u015flar\u0131 g\u00f6zl\u00fck dal\u0131n\u0131 de etkiledi. \u0130nternetten g\u00f6zl\u00fck ve lens sat\u0131n alma trendi y\u00fckseldi. Ucuz ve kalitesiz lensler, yanl\u0131\u015f derecelerle \u00fcretilmi\u015f g\u00f6zl\u00fckler uzun vadede \u00f6nemli g\u00f6z rahats\u0131zl\u0131klar\u0131na yol a\u00e7abilir. Ayr\u0131yeten, online sat\u0131\u015f platformlar\u0131nda d\u00fczmece ve kalitesiz eserlerin sat\u0131\u015f\u0131 da tehdit olu\u015fturuyor&#8221;<\/strong> bi\u00e7iminde konu\u015ftu.<\/p>\n<p><b>&#8216;\u0130NTERNETTEN SATILAN KONTAKT LENSLER\u0130N YASAKLANMASI GEREK\u0130YOR&#8217; <\/b><\/p>\n<p>Demircan, g\u00f6zl\u00fck\u00e7\u00fcl\u00fc\u011f\u00fcn optisyenlik mesle\u011finin muhakkak bir \u00e7er\u00e7eveye oturtulmu\u015f s\u0131hhat hizmet sunumu ger\u00e7ekle\u015ftiren i\u015f kollar\u0131ndan biri oldu\u011funa dikkati \u00e7ekerek, \u015funlar\u0131 kaydetti:<\/p>\n<p><strong>&#8220;5193 say\u0131l\u0131 Optisyenlik Hakk\u0131nda Kanun var. Bu kanun \u00e7er\u00e7evesinde optisyenlik m\u00fcesseseleri Sa\u011fl\u0131k Bakanl\u0131\u011f\u0131 taraf\u0131ndan ruhsatland\u0131r\u0131larak i\u015flerini yapabiliyorlar. Ruhsat\u0131 olmayan optisyenlik m\u00fcessesi diye bir \u015fey kelam konusu olamaz. G\u00fcne\u015f g\u00f6zl\u00fckleri \u015fahs\u00ee esirgeyici donan\u0131m s\u0131n\u0131f\u0131nda bedellendirilen eserler olmas\u0131ndan dolay\u0131 optisyenlik kurulu\u015flar\u0131 d\u0131\u015f\u0131nda da sat\u0131labiliyor.<\/strong><\/p>\n<p><b>&#8216;KONTAKT LENSLER RE\u00c7ETES\u0130Z SATILAMAZ&#8217; <\/b><\/p>\n<p><strong>Optik eserler, kontakt lensler re\u00e7etesiz olarak sat\u0131lamaz, yeniden birebir kanun i\u00e7erisinde bu belirtilmi\u015f. Ancak internet \u00fczerinden sat\u0131lan kontakt lensler, internet \u00fczerinden sat\u0131lan g\u00fcne\u015f g\u00f6zl\u00fcklerinin kalitesizli\u011fi, ge\u00e7ersiz olma potansiyeli \u00fczere durumlar hasta s\u0131hhati a\u00e7\u0131s\u0131ndan s\u0131k\u0131nt\u0131l\u0131&#8221; <\/strong>dedi. <\/p>\n<p><strong>Sa\u011fl\u0131k Bakanl\u0131\u011f\u0131na ba\u011fl\u0131 s\u0131hhat hizmeti ger\u00e7ekle\u015ftiren bir dal olduklar\u0131n\u0131 lisana getiren Demircan, kelamlar\u0131n\u0131 \u015f\u00f6yle s\u00fcrd\u00fcrd\u00fc:<\/strong><\/p>\n<p><strong>&#8220;T\u00fcrk Optisyen-G\u00f6zl\u00fck\u00e7\u00fcler Birli\u011fi ve \u00fclkedeki 22 odam\u0131zla hem Sosyal G\u00fcvenlik Kurumu ile hem Sa\u011fl\u0131k Bakanl\u0131\u011f\u0131 ile zaman zaman g\u00f6r\u00fc\u015fmeler ger\u00e7ekle\u015ftiriyoruz. Bizim de dilek etti\u011fimiz, talep etti\u011fimiz birtak\u0131m kanunsal de\u011fi\u015fikliklere muhta\u00e7l\u0131\u011f\u0131m\u0131z var. \u00d6rne\u011fin, g\u00f6z s\u0131hhatini korumak i\u00e7in kulland\u0131\u011f\u0131m\u0131z g\u00fcne\u015f g\u00f6zl\u00fc\u011f\u00fc neden ruhsatland\u0131r\u0131lm\u0131\u015f bir optisyenlik kurumunda sat\u0131lmas\u0131n?<\/strong><\/p>\n<p><strong>\u0130nternetten bug\u00fcn hala sat\u0131labilen kontakt lenslerin kanunla art\u0131k yasaklanmas\u0131 gerekiyor. Zira \u015fu an halihaz\u0131rdaki kanunumuzda gri bir alan var. Net bir formda &#8216;internetten kontakt lens ve optik g\u00f6zl\u00fck sat\u0131\u015f\u0131 yasakt\u0131r&#8217; s\u00f6z\u00fc yazmad\u0131\u011f\u0131 i\u00e7in hala bu durumu kullanan e-ticaret platformlar\u0131 var. Bakanl\u0131k taraf\u0131ndan ruhsatland\u0131r\u0131lm\u0131\u015f ve denetlenen optisyenlik kurulu\u015flar\u0131nda sat\u0131lmas\u0131 \u00e7ok bedelli. T\u00fcrkiye&#8217;de toplam 8 bin 500 ruhsatland\u0131r\u0131lm\u0131\u015f optisyenlik m\u00fcessesi var&#8221;<\/strong> dedi.<\/p>\n<p>Demircan, ak\u0131ll\u0131 g\u00f6zl\u00fckler alan\u0131nda yat\u0131r\u0131mlar yap\u0131lmas\u0131 gerekti\u011fini vurgulayarak, <strong>&#8220;Ak\u0131ll\u0131 g\u00f6zl\u00fckler konfor a\u00e7\u0131s\u0131ndan de\u011ferlendirdi\u011finiz vakit hakikat kullan\u0131m sonucunda \u00e7ok yararl\u0131. Bunlar\u0131n da tekrar optisyenlik kurumlar\u0131nda sat\u0131lmas\u0131 gerekti\u011fini d\u00fc\u015f\u00fcn\u00fcyorum. \u015eayet biz kendi teknolojimizi geli\u015ftirip d\u00fcnya pazar\u0131na a\u00e7\u0131l\u0131rsak, optik b\u00f6l\u00fcm\u00fcnde b\u00fcy\u00fck bir at\u0131l\u0131m yapabiliriz&#8221;<\/strong> dedi.<\/p>\n","protected":false},"excerpt":{"rendered":"<p>1. B\u00f6lge \u0130stanbul Optisyen-G\u00f6zl\u00fck\u00e7\u00fcler Odas\u0131 Ba\u015fkan\u0131 Ayhan Demircan, ucuz ve kalitesiz lenslerin, yanl\u0131\u015f derecelerle \u00fcretilmi\u015f g\u00f6zl\u00fcklerin uzun vadede \u00f6nemli g\u00f6z rahats\u0131zl\u0131klar\u0131na yol a\u00e7abilece\u011fini belirterek, &#8220;Ayr\u0131ca, online sat\u0131\u015f platformlar\u0131nda uydurma ve kalitesiz eserlerin sat\u0131\u015f\u0131 da tehdit olu\u015fturuyor&#8221; dedi.<\/p>\n","protected":false},"author":1,"featured_media":30420,"comment_status":"open","ping_status":"open","sticky":false,"template":"","format":"standard","meta":{"footnotes":""},"categories":[29],"tags":[5150,335,5149,5148,1185],"class_list":["post-30419","post","type-post","status-publish","format-standard","has-post-thumbnail","hentry","category-saglik","tag-demircan","tag-goz","tag-optik","tag-optisyenlik","tag-sektor"],"_links":{"self":[{"href":"https:\/\/ikimisli.tr\/index.php\/wp-json\/wp\/v2\/posts\/30419","targetHints":{"allow":["GET"]}}],"collection":[{"href":"https:\/\/ikimisli.tr\/index.php\/wp-json\/wp\/v2\/posts"}],"about":[{"href":"https:\/\/ikimisli.tr\/index.php\/wp-json\/wp\/v2\/types\/post"}],"author":[{"embeddable":true,"href":"https:\/\/ikimisli.tr\/index.php\/wp-json\/wp\/v2\/users\/1"}],"replies":[{"embeddable":true,"href":"https:\/\/ikimisli.tr\/index.php\/wp-json\/wp\/v2\/comments?post=30419"}],"version-history":[{"count":1,"href":"https:\/\/ikimisli.tr\/index.php\/wp-json\/wp\/v2\/posts\/30419\/revisions"}],"predecessor-version":[{"id":30421,"href":"https:\/\/ikimisli.tr\/index.php\/wp-json\/wp\/v2\/posts\/30419\/revisions\/30421"}],"wp:featuredmedia":[{"embeddable":true,"href":"https:\/\/ikimisli.tr\/index.php\/wp-json\/wp\/v2\/media\/30420"}],"wp:attachment":[{"href":"https:\/\/ikimisli.tr\/index.php\/wp-json\/wp\/v2\/media?parent=30419"}],"wp:term":[{"taxonomy":"category","embeddable":true,"href":"https:\/\/ikimisli.tr\/index.php\/wp-json\/wp\/v2\/categories?post=30419"},{"taxonomy":"post_tag","embeddable":true,"href":"https:\/\/ikimisli.tr\/index.php\/wp-json\/wp\/v2\/tags?post=30419"}],"curies":[{"name":"wp","href":"https:\/\/api.w.org\/{rel}","templated":true}]}}