{"id":30438,"date":"2025-04-24T01:36:06","date_gmt":"2025-04-24T01:36:06","guid":{"rendered":"https:\/\/ikimisli.tr\/?p=30438"},"modified":"2025-04-24T01:36:06","modified_gmt":"2025-04-24T01:36:06","slug":"basaksehirde-elektrikli-soba-faciasi-12-yasindaki-nazli-ailesini-uyandirdi-kendisi-yanginda-can-verdi","status":"publish","type":"post","link":"https:\/\/ikimisli.tr\/index.php\/2025\/04\/24\/basaksehirde-elektrikli-soba-faciasi-12-yasindaki-nazli-ailesini-uyandirdi-kendisi-yanginda-can-verdi\/","title":{"rendered":"Ba\u015fak\u015fehir&#8217;de elektrikli soba facias\u0131: 12 ya\u015f\u0131ndaki Nazl\u0131 ailesini uyand\u0131rd\u0131, kendisi yang\u0131nda can verdi!"},"content":{"rendered":"<p>\u0130stanbul Ba\u015fak\u015fehir&#8217;de bir konutta \u00e7\u0131kan yang\u0131nda 12 ya\u015f\u0131ndaki k\u0131z \u00e7ocu\u011fu \u00f6mr\u00fcn\u00fc yitirdi.<\/p>\n<p>Al\u0131nan bilgiye g\u00f6re, G\u00fcvercintepe Mahallesi \u00c7a\u011flayan Sokak&#8217;taki 3 katl\u0131 binan\u0131n \u00fcst kat\u0131ndaki dairede bilinmeyen nedenle yang\u0131n \u00e7\u0131kt\u0131.<\/p>\n<p><b>SADECE NAZLICAN \u0130\u00c7ER\u0130DE KALDI<\/b><\/p>\n<p>Dairede bulunan 6 bireyden 5&#8217;i kendi imkanlar\u0131yla d\u0131\u015far\u0131 \u00e7\u0131karken, 12 ya\u015f\u0131ndaki Nazl\u0131can Pehlivan i\u00e7eride mahsur kald\u0131. \u0130hbar \u00fczerine b\u00f6lgeye \u00e7ok say\u0131da itfaiye, s\u0131hhat ve polis tak\u0131m\u0131 sevk edildi.<\/p>\n<p>\u0130tfaiye gruplar\u0131, i\u00e7eride bulunan Pehlivan&#8217;\u0131 kurtarmak ve yang\u0131n\u0131 s\u00f6nd\u00fcrmek i\u00e7in \u00e7al\u0131\u015fma yapt\u0131 lakin \u00e7ocu\u011fun cans\u0131z v\u00fccuduna ula\u015f\u0131ld\u0131.<\/p>\n<p><b>&#8220;ANNEMLE BABAMI KALDIR BEN SAKLANACA\u011eIM&#8221; DEM\u0130\u015e<\/b><\/p>\n<p>Elektrikli sobadan kaynakland\u0131\u011f\u0131 bedellendirilen yang\u0131n, gruplar\u0131n \u00e7al\u0131\u015fmalar\u0131 sonucu s\u00f6nd\u00fcr\u00fcld\u00fc.<\/p>\n<p>K\u00fc\u00e7\u00fck\u00e7ekmece Cumhuriyet Ba\u015fsavc\u0131l\u0131\u011f\u0131, olayla ilgili soru\u015fturma ba\u015flatt\u0131.<\/p>\n<p>Nazl\u0131can Pehlivan&#8217;\u0131n eni\u015ftesi Nurbay Y\u00fcksek, yang\u0131n\u0131n saat 05.00 s\u0131ralar\u0131nda \u00e7\u0131kt\u0131\u011f\u0131n\u0131 belirterek, &#8220;12-13 ya\u015flar\u0131nda k\u0131z \u00e7ocu\u011fu, uyan\u0131p a\u011fabeyini kald\u0131r\u0131yor. &#8216;A\u011fabey, kalk, mesken yan\u0131yor. Git, babamla annemi kald\u0131r, ben saklanaca\u011f\u0131m.&#8217; diyor. O s\u0131rada kendisi \u00e7ekyat\u0131n ard\u0131na saklan\u0131yor. Yang\u0131n\u0131n pani\u011fiyle uyan\u0131p hepsi d\u0131\u015far\u0131 \u00e7\u0131k\u0131nca \u00e7ocuklar\u0131ndan birinin olmad\u0131\u011f\u0131n\u0131 fark ediyorlar. Bu sefer onlar da i\u00e7eri girmek istiyorlar. Ate\u015f daha da y\u00fckselince hortumla su tutuyorlar lakin alevlerin i\u00e7erisine giremiyorlar.&#8221; dedi.<\/p>\n<p>Y\u00fcksek, itfaiyenin i\u00e7eri girince \u00e7ocu\u011fun cans\u0131z v\u00fccuduna ula\u015ft\u0131\u011f\u0131n\u0131 kaydetti.<\/p>\n<p>Ailenin uyumadan evvel elektrikli sobay\u0131 a\u00e7\u0131k b\u0131rakt\u0131\u011f\u0131n\u0131, \u00e7ocuklar\u0131n okul giysilerinin de kurumas\u0131 i\u00e7in soban\u0131n \u00f6n\u00fcne serildi\u011fini aktaran Y\u00fcksek, yang\u0131n\u0131n gece elektrik konta\u011f\u0131ndan yahut soban\u0131n devrilip yerde bir \u015feyin alev almas\u0131ndan kaynakland\u0131\u011f\u0131n\u0131n d\u00fc\u015f\u00fcn\u00fcld\u00fc\u011f\u00fcn\u00fc s\u00f6yledi.<\/p>\n","protected":false},"excerpt":{"rendered":"<p>Ba\u015fak\u015fehir&#8217;de meskende hayat\u0131n\u0131 yitiren 12 ya\u015f\u0131ndaki Nazl\u0131can&#8217;\u0131n ailesini uyand\u0131rd\u0131\u011f\u0131 lakin kendisinin alevler ortas\u0131nda kald\u0131\u011f\u0131 ortaya \u00e7\u0131kt\u0131.<\/p>\n","protected":false},"author":1,"featured_media":30439,"comment_status":"open","ping_status":"open","sticky":false,"template":"","format":"standard","meta":{"footnotes":""},"categories":[25],"tags":[5152,5153,64],"class_list":["post-30438","post","type-post","status-publish","format-standard","has-post-thumbnail","hentry","category-gundem","tag-iceri","tag-kaldi","tag-yangin"],"_links":{"self":[{"href":"https:\/\/ikimisli.tr\/index.php\/wp-json\/wp\/v2\/posts\/30438","targetHints":{"allow":["GET"]}}],"collection":[{"href":"https:\/\/ikimisli.tr\/index.php\/wp-json\/wp\/v2\/posts"}],"about":[{"href":"https:\/\/ikimisli.tr\/index.php\/wp-json\/wp\/v2\/types\/post"}],"author":[{"embeddable":true,"href":"https:\/\/ikimisli.tr\/index.php\/wp-json\/wp\/v2\/users\/1"}],"replies":[{"embeddable":true,"href":"https:\/\/ikimisli.tr\/index.php\/wp-json\/wp\/v2\/comments?post=30438"}],"version-history":[{"count":1,"href":"https:\/\/ikimisli.tr\/index.php\/wp-json\/wp\/v2\/posts\/30438\/revisions"}],"predecessor-version":[{"id":30440,"href":"https:\/\/ikimisli.tr\/index.php\/wp-json\/wp\/v2\/posts\/30438\/revisions\/30440"}],"wp:featuredmedia":[{"embeddable":true,"href":"https:\/\/ikimisli.tr\/index.php\/wp-json\/wp\/v2\/media\/30439"}],"wp:attachment":[{"href":"https:\/\/ikimisli.tr\/index.php\/wp-json\/wp\/v2\/media?parent=30438"}],"wp:term":[{"taxonomy":"category","embeddable":true,"href":"https:\/\/ikimisli.tr\/index.php\/wp-json\/wp\/v2\/categories?post=30438"},{"taxonomy":"post_tag","embeddable":true,"href":"https:\/\/ikimisli.tr\/index.php\/wp-json\/wp\/v2\/tags?post=30438"}],"curies":[{"name":"wp","href":"https:\/\/api.w.org\/{rel}","templated":true}]}}