{"id":30450,"date":"2025-04-24T02:12:06","date_gmt":"2025-04-24T02:12:06","guid":{"rendered":"https:\/\/ikimisli.tr\/?p=30450"},"modified":"2025-04-24T02:12:06","modified_gmt":"2025-04-24T02:12:06","slug":"selcuklu-osmanli-roma-ve-bizans-donemlerine-ait-931-eser-ele-gecirildi","status":"publish","type":"post","link":"https:\/\/ikimisli.tr\/index.php\/2025\/04\/24\/selcuklu-osmanli-roma-ve-bizans-donemlerine-ait-931-eser-ele-gecirildi\/","title":{"rendered":"Sel\u00e7uklu, Osmanl\u0131, Roma ve Bizans d\u00f6nemlerine ait:  931 eser ele ge\u00e7irildi"},"content":{"rendered":"<p>\u0130stanbul Emniyet M\u00fcd\u00fcrl\u00fc\u011f\u00fc Ka\u00e7ak\u00e7\u0131l\u0131k Hatalar\u0131yla \u00c7aba \u015eubesi tak\u0131mlar\u0131, \u00fclke i\u00e7inde kay\u0131ts\u0131z yer de\u011fi\u015ftirilen ve ikinci bireylere sat\u0131lan tarihi yap\u0131tlar\u0131n yasa d\u0131\u015f\u0131 yollarla \u00fclke d\u0131\u015f\u0131na \u00e7\u0131kar\u0131lmas\u0131n\u0131 \u00f6nlemek hedefiyle \u00e7al\u0131\u015fma yapt\u0131.<\/p>\n<p>Ekipler, yapt\u0131klar\u0131 teknik ve fiziki takibin akabinde, 2 \u015f\u00fcphelinin ellerinde bulunan sikkeleri toplumsal medya \u00fczerinden satmaya \u00e7al\u0131\u015ft\u0131\u011f\u0131n\u0131 belirledi.<\/p>\n<p>Al\u0131c\u0131 \u00fczere davranarak \u015f\u00fcphelilerle bulu\u015fan gruplar, sikkeleri inceledikten sonra zanl\u0131lar\u0131 g\u00f6zalt\u0131na ald\u0131.<\/p>\n<p>\u00c7al\u0131\u015fmalar\u0131n devam\u0131nda, Fatih ve K\u00fc\u00e7\u00fck\u00e7ekmece&#8217;de tespit edilen 4 adrese de operasyon d\u00fczenleyen tak\u0131mlar, 4 \u015f\u00fcpheliyi daha yakalad\u0131.<\/p>\n<p>Adreslerdeki aramalarda, Anadolu Sel\u00e7uklu, Osmanl\u0131, Roma ve Bizans devirlerine ili\u015fkin oldu\u011fu bedellendirilen \u00fczerinde T\u00fcrk varl\u0131\u011f\u0131n\u0131n sembol\u00fc olarak kabul edilen aslan ve g\u00fcne\u015f tasviri damgas\u0131 bulunan 81 sikke, Hz. \u0130sa, Hz. Meryem ve Hristiyanl\u0131k devrine ili\u015fkin aziz ve azizelerin resmedildi\u011fi ah\u015fap ve g\u00fcm\u00fc\u015f kaplamal\u0131 184 ikona, ibadethanelerden \u00e7al\u0131nma ve s\u00f6k\u00fclme yoluyla elde edilmi\u015f 35 ta\u015f\u0131nmaz karo mod\u00fcl\u00fc, mermer heykel baca\u011f\u0131, ekseriyetle lahit mezarlar\u0131n i\u00e7erisinde bulunan 7 cam s\u00fcs e\u015fyas\u0131 olmak \u00fczere toplamda 931 eser ile nesne ele ge\u00e7irildi.<\/p>\n<p>\u015e\u00fcpheliler s\u00fcre\u00e7leri i\u00e7in emniyet m\u00fcd\u00fcrl\u00fc\u011f\u00fcne g\u00f6t\u00fcr\u00fcld\u00fc.<\/p>\n<p><b>M\u00dcZELERE TESL\u0130M ED\u0130LECEK<\/b><\/p>\n<p>Eserlerin, \u0130stanbul Ayasofya M\u00fczesi M\u00fcd\u00fcrl\u00fc\u011f\u00fc, \u0130stanbul T\u00fcrk ve \u0130slam Eserleri M\u00fczesi M\u00fcd\u00fcrl\u00fc\u011f\u00fc ve \u0130stanbul Arkeoloji M\u00fczeleri M\u00fcd\u00fcrl\u00fc\u011f\u00fcne teslim edilece\u011fi belirtildi.<\/p>\n<p>\u0130stanbul Emniyet M\u00fcd\u00fcr\u00fc Selami Y\u0131ld\u0131z, ele ge\u00e7irilen eser ve nesnelerin sergilendi\u011fi Vilayet Emniyet M\u00fcd\u00fcrl\u00fc\u011f\u00fcn\u00fcn Vatan Caddesi&#8217;ndeki yerle\u015fkesinde, operasyon hakk\u0131nda i\u015f\u00e7iden bilgi ald\u0131.<\/p>\n<p>Y\u0131ld\u0131z, \u00e7al\u0131\u015fmalar\u0131 hasebiyle \u0130stanbul Ka\u00e7ak\u00e7\u0131l\u0131k Su\u00e7lar\u0131yla M\u00fccadele \u015eube M\u00fcd\u00fcrl\u00fc\u011f\u00fc tak\u0131mlar\u0131n\u0131 tebrik etti.<\/p>\n","protected":false},"excerpt":{"rendered":"<p>\u0130stanbul&#8217;da d\u00fczenlenen tarihi eser ka\u00e7ak\u00e7\u0131l\u0131\u011f\u0131 operasyonlar\u0131nda 6 \u015fah\u0131s g\u00f6zalt\u0131na al\u0131nd\u0131.<\/p>\n","protected":false},"author":1,"featured_media":30451,"comment_status":"open","ping_status":"open","sticky":false,"template":"","format":"standard","meta":{"footnotes":""},"categories":[25],"tags":[476,380,3361],"class_list":["post-30450","post","type-post","status-publish","format-standard","has-post-thumbnail","hentry","category-gundem","tag-eser","tag-istanbul","tag-mudurlugu"],"_links":{"self":[{"href":"https:\/\/ikimisli.tr\/index.php\/wp-json\/wp\/v2\/posts\/30450","targetHints":{"allow":["GET"]}}],"collection":[{"href":"https:\/\/ikimisli.tr\/index.php\/wp-json\/wp\/v2\/posts"}],"about":[{"href":"https:\/\/ikimisli.tr\/index.php\/wp-json\/wp\/v2\/types\/post"}],"author":[{"embeddable":true,"href":"https:\/\/ikimisli.tr\/index.php\/wp-json\/wp\/v2\/users\/1"}],"replies":[{"embeddable":true,"href":"https:\/\/ikimisli.tr\/index.php\/wp-json\/wp\/v2\/comments?post=30450"}],"version-history":[{"count":1,"href":"https:\/\/ikimisli.tr\/index.php\/wp-json\/wp\/v2\/posts\/30450\/revisions"}],"predecessor-version":[{"id":30452,"href":"https:\/\/ikimisli.tr\/index.php\/wp-json\/wp\/v2\/posts\/30450\/revisions\/30452"}],"wp:featuredmedia":[{"embeddable":true,"href":"https:\/\/ikimisli.tr\/index.php\/wp-json\/wp\/v2\/media\/30451"}],"wp:attachment":[{"href":"https:\/\/ikimisli.tr\/index.php\/wp-json\/wp\/v2\/media?parent=30450"}],"wp:term":[{"taxonomy":"category","embeddable":true,"href":"https:\/\/ikimisli.tr\/index.php\/wp-json\/wp\/v2\/categories?post=30450"},{"taxonomy":"post_tag","embeddable":true,"href":"https:\/\/ikimisli.tr\/index.php\/wp-json\/wp\/v2\/tags?post=30450"}],"curies":[{"name":"wp","href":"https:\/\/api.w.org\/{rel}","templated":true}]}}