{"id":30470,"date":"2025-04-24T03:12:07","date_gmt":"2025-04-24T03:12:07","guid":{"rendered":"https:\/\/ikimisli.tr\/?p=30470"},"modified":"2025-04-24T03:12:07","modified_gmt":"2025-04-24T03:12:07","slug":"sisecam-faaliyetlerine-gecici-ara-veriyor","status":"publish","type":"post","link":"https:\/\/ikimisli.tr\/index.php\/2025\/04\/24\/sisecam-faaliyetlerine-gecici-ara-veriyor\/","title":{"rendered":"\u015ei\u015fecam faaliyetlerine ge\u00e7ici ara veriyor"},"content":{"rendered":"<p>\u015eirketten yap\u0131lan a\u00e7\u0131klamaya nazaran, uzun vadeli ama\u00e7lar\u0131na odaklanan \u015ei\u015fecam, devrin zorluklar\u0131n\u0131 y\u00f6netmeye ve hissedar bedelini art\u0131rmaya y\u00f6nelik ad\u0131mlar at\u0131yor.<\/p>\n<p>\u015ei\u015fecam, maliyetlerini \u00fcretim ve sat\u0131\u015f projeksiyonlar\u0131na nazaran optimize etmek i\u00e7in Kuzey \u0130talya&#8217;daki d\u00fcz cam fabrikas\u0131nda bulunan f\u0131r\u0131n\u0131, planlanandan erken so\u011fuk tamire ald\u0131. Bu tesisteki float s\u0131n\u0131r\u0131, bug\u00fcnden itibaren, lamine \u00e7izgisi ise 13 Mart&#8217;tan itibaren s\u00fcreksiz olarak durdurulacak.<\/p>\n<p>\u015ei\u015fecam&#8217;\u0131n bu karar\u0131, son iki y\u0131lda toplam sat\u0131\u015flar\u0131 gayelerin alt\u0131nda kalan Avrupa d\u00fcz cam pazar\u0131n\u0131n mevcut \u015fartlar\u0131n\u0131n g\u00f6zden ge\u00e7irilmesi ve 2025 beklentileri \u0131\u015f\u0131\u011f\u0131nda \u00fcretim, sat\u0131\u015f ve stok istikrar\u0131n\u0131n y\u00fcksek verimlilikle y\u00f6netilmesi oda\u011f\u0131na dayan\u0131yor.<\/p>\n<p>Al\u0131nan karar do\u011frultusunda, ilgili tesis \u00e7al\u0131\u015fanlar\u0131n\u0131n so\u011fuk tamir m\u00fchletince gelir elde etmeye devam etmesi i\u00e7in \u00fclkede ge\u00e7erli toplumsal g\u00fcvenlik d\u00fczene\u011finden faydalan\u0131lmas\u0131 planlan\u0131yor.<\/p>\n<p>\u00c7ok say\u0131da belirsizli\u011fin hakim oldu\u011fu \u015fiddetli bir periyotta b\u00fct\u00e7e disiplini gayelerini ger\u00e7ekle\u015ftirmek gayesiyle ilerleyen \u015ei\u015fecam, Avrupa&#8217;da yer alan \u00f6teki tesislerinden elde edilece\u011fi kapasite kullan\u0131m art\u0131\u015flar\u0131yla mali tablosunu g\u00fczelle\u015ftirecek. \u015eirket, faiz, amortisman ve vergi \u00f6ncesi kar (FV\u00d6K) d\u00fczeyinde karl\u0131l\u0131\u011f\u0131na bu y\u0131l 8-10 milyon avro ortas\u0131nda katk\u0131 sa\u011flayacak.<\/p>\n<p><strong>&#8220;Aksiyonlar\u0131 uygulamaya ba\u015flad\u0131k&#8221;<\/strong><\/p>\n<p>A\u00e7\u0131klamada g\u00f6r\u00fc\u015flerine yer verilen \u015ei\u015fecam Genel M\u00fcd\u00fcr\u00fc G\u00f6rkem Elverici, hissedar bedelini art\u0131rma ve \u015ei\u015fecam&#8217;a s\u00fcrd\u00fcr\u00fclebilir muvaffakiyetler kazand\u0131rma taraf\u0131nda finansal ve operasyonel verimlilik oda\u011f\u0131ndaki aksiyonlar\u0131n\u0131 uygulamaya ba\u015flad\u0131klar\u0131n\u0131 belirtti.<\/p>\n<p>Elverici, &#8220;2024 y\u0131l\u0131 \u00fc\u00e7\u00fcnc\u00fc \u00e7eyrek sonu\u00e7lar\u0131m\u0131z\u0131 a\u00e7\u0131klarken, hissedarlar\u0131m\u0131za bug\u00fcn\u00fcn g\u00fc\u00e7l\u00fc \u015fartlar\u0131n\u0131 en hakikat halde y\u00f6netmek i\u00e7in alanda oldu\u011fumuzu s\u00f6ylemi\u015ftik. Bu kapsamda, erken so\u011fuk tamire girecek Kuzey \u0130talya&#8217;daki \u00fcretim operasyonlar\u0131m\u0131z\u0131, \u00fcretim ve sat\u0131\u015f projeksiyonlar\u0131m\u0131za uygun olarak en k\u0131sa m\u00fcddette tekrar devreye alaca\u011f\u0131z.&#8221; tabirlerini kulland\u0131.<\/p>\n<p>Elverici, bu periyot i\u00e7erisinde Avrupa&#8217;da yer alan \u00f6teki d\u00fcz cam tesislerinin kapasite kullan\u0131m oranlar\u0131n\u0131 art\u0131rarak toplam verimlilik ve karl\u0131l\u0131kta manal\u0131 kazan\u0131mlar elde edeceklerini vurgulad\u0131.<\/p>\n<p>\u015ei\u015fecam k\u00fclt\u00fcr\u00fcn\u00fcn s\u00fcrd\u00fcr\u00fclebilirlik ve devaml\u0131l\u0131k \u00fczerine kurulu oldu\u011funa de\u011finen Elverici, \u015funlar\u0131 kaydetti:<\/p>\n<p>&#8220;Bug\u00fcne kadar bu tesisimizde \u015ei\u015fecam&#8217;a emek vermi\u015f \u00e7al\u0131\u015fma arkada\u015flar\u0131m\u0131z i\u00e7in de yapan tahliller \u00fcretece\u011fiz. \u015ei\u015fecam, uzun vadeli g\u00fc\u00e7l\u00fc b\u00fcy\u00fcme gayelerinden uzakla\u015fmadan devrin zorluklar\u0131n\u0131 y\u00f6netmeyi ve hissedarlar\u0131 i\u00e7in k\u0131ymet yaratmay\u0131 s\u00fcrd\u00fcrmek i\u00e7in gerekli ad\u0131mlar\u0131 atmaya s\u00fcratle ve kararl\u0131l\u0131kla devam edecek.&#8221;<\/p>\n","protected":false},"excerpt":{"rendered":"<p>\u015ei\u015fecam, Kuzey \u0130talya&#8217;daki d\u00fcz cam fabrikas\u0131nda yer alan f\u0131r\u0131n\u0131n so\u011fuk tamir s\u00fcreci nedeniyle \u00fcretim faaliyetlerine s\u00fcreksiz orta verece\u011fini duyurdu.<\/p>\n","protected":false},"author":1,"featured_media":30471,"comment_status":"open","ping_status":"open","sticky":false,"template":"","format":"standard","meta":{"footnotes":""},"categories":[24],"tags":[379,5156,1576],"class_list":["post-30470","post","type-post","status-publish","format-standard","has-post-thumbnail","hentry","category-ekonomi","tag-kar","tag-sisecam","tag-tesis"],"_links":{"self":[{"href":"https:\/\/ikimisli.tr\/index.php\/wp-json\/wp\/v2\/posts\/30470","targetHints":{"allow":["GET"]}}],"collection":[{"href":"https:\/\/ikimisli.tr\/index.php\/wp-json\/wp\/v2\/posts"}],"about":[{"href":"https:\/\/ikimisli.tr\/index.php\/wp-json\/wp\/v2\/types\/post"}],"author":[{"embeddable":true,"href":"https:\/\/ikimisli.tr\/index.php\/wp-json\/wp\/v2\/users\/1"}],"replies":[{"embeddable":true,"href":"https:\/\/ikimisli.tr\/index.php\/wp-json\/wp\/v2\/comments?post=30470"}],"version-history":[{"count":1,"href":"https:\/\/ikimisli.tr\/index.php\/wp-json\/wp\/v2\/posts\/30470\/revisions"}],"predecessor-version":[{"id":30472,"href":"https:\/\/ikimisli.tr\/index.php\/wp-json\/wp\/v2\/posts\/30470\/revisions\/30472"}],"wp:featuredmedia":[{"embeddable":true,"href":"https:\/\/ikimisli.tr\/index.php\/wp-json\/wp\/v2\/media\/30471"}],"wp:attachment":[{"href":"https:\/\/ikimisli.tr\/index.php\/wp-json\/wp\/v2\/media?parent=30470"}],"wp:term":[{"taxonomy":"category","embeddable":true,"href":"https:\/\/ikimisli.tr\/index.php\/wp-json\/wp\/v2\/categories?post=30470"},{"taxonomy":"post_tag","embeddable":true,"href":"https:\/\/ikimisli.tr\/index.php\/wp-json\/wp\/v2\/tags?post=30470"}],"curies":[{"name":"wp","href":"https:\/\/api.w.org\/{rel}","templated":true}]}}