{"id":30511,"date":"2025-04-24T05:24:07","date_gmt":"2025-04-24T05:24:07","guid":{"rendered":"https:\/\/ikimisli.tr\/?p=30511"},"modified":"2025-04-24T05:24:07","modified_gmt":"2025-04-24T05:24:07","slug":"chpli-sahbazdan-iktidara-alkolde-vergilendirme-elestirisi-vatandaslarimiz-kacak-ickiye-yonelmektedir","status":"publish","type":"post","link":"https:\/\/ikimisli.tr\/index.php\/2025\/04\/24\/chpli-sahbazdan-iktidara-alkolde-vergilendirme-elestirisi-vatandaslarimiz-kacak-ickiye-yonelmektedir\/","title":{"rendered":"CHP&#8217;li \u015eahbaz&#8217;dan iktidara alkolde &#8216;vergilendirme&#8217; ele\u015ftirisi: Vatanda\u015flar\u0131m\u0131z ka\u00e7ak i\u00e7kiye y\u00f6nelmektedir"},"content":{"rendered":"<p>CHP Genel Lider Yard\u0131mc\u0131s\u0131 Aksaz \u015eahbaz, Ankara\u2019da uydurma i\u00e7ki nedeniyle 33 ki\u015finin hayat\u0131n\u0131 kaybetmesi ve 20 ki\u015finin hastanelerde a\u011f\u0131r bak\u0131mda tedavi alt\u0131nda olmas\u0131na ait a\u00e7\u0131klama yapt\u0131.<\/p>\n<p><b><strong>&#8220;VERG\u0130LEND\u0130RMEDEN \u00d6T\u00dcR\u00dc VATANDA\u015eLARIMIZ KA\u00c7AK \u0130\u00c7K\u0130YE Y\u00d6NELMEKTED\u0130R&#8221;<\/strong><\/b><\/p>\n<p><strong>Aksaz \u015eahbaz, a\u00e7\u0131klamas\u0131nda \u015funlar\u0131 kaydetti:<\/strong><\/p>\n<p>\u201cOcak ay\u0131 ba\u015flar\u0131nda \u0130stanbul\u2019da hastaneye ba\u015fvuran 92 vatanda\u015f\u0131m\u0131zdan 38\u2019i hayat\u0131n\u0131 kaybetmi\u015f, 26\u2019s\u0131 da ent\u00fcbe vaziyette tedavi alt\u0131ndayd\u0131. Ka\u00e7ak alkol nedeniyle s\u00f6z edilen bu say\u0131lar bir katliam boyutundad\u0131r. Bu say\u0131lar\u0131n yan\u0131 s\u0131ra vakit i\u00e7inde s\u00fcregelen kay\u0131plar, Anadolu\u2019nun kentlerinde, kasabalar\u0131nda meydana gelen can kay\u0131plar\u0131 ve sakatlanmalar\u0131n ne oldu\u011fu konusunda rastgele bir bilgiye sahip de\u011filiz. Ka\u00e7ak alkoll\u00fc i\u00e7ki sorunu \u00fclkemizde yoksulluk ve ekonomik kriz ortam\u0131nda halk\u0131m\u0131z\u0131n yasal olarak sat\u0131lan alkole y\u00fcksek vergilendirme nedeniyle ula\u015famamas\u0131n\u0131n sonucunda ortaya \u00e7\u0131kmaktad\u0131r. Bildi\u011finiz \u00fczere y\u00fczde 45\u2019lik bir alkol\u00fcn vergilendirmesi neredeyse y\u00fczde 70\u2019e varan oranlardad\u0131r. Bu vergilendirmeden \u00f6t\u00fcr\u00fc alkole ula\u015famayan vatanda\u015flar\u0131m\u0131z ka\u00e7ak i\u00e7kiye y\u00f6nelmektedir. Ya\u015fanan bu katliam\u0131n, bu can kay\u0131plar\u0131n\u0131n nedeni de budur. Yaln\u0131zca kolluk kuvvetlerinin \u00e7al\u0131\u015fmalar\u0131 ve isimli s\u00fcre\u00e7lerle bu katliamlar\u0131n \u00f6n\u00fcne ge\u00e7ilemeyece\u011fi de ortadad\u0131r.\u201d<\/p>\n","protected":false},"excerpt":{"rendered":"<p>CHP Genel Lider Yard\u0131mc\u0131s\u0131 Zeliha Aksaz \u015eahbaz, Ankara\u2019da ge\u00e7ersiz alkoll\u00fc i\u00e7ki nedeniyle 33 ki\u015finin \u00f6mr\u00fcn\u00fc yitirmesine ait iktidara tenkitlerde bulunarak, \u201cY\u00fczde 45\u2019lik bir alkol\u00fcn vergilendirmesi neredeyse y\u00fczde 70\u2019e varan oranlardad\u0131r. Bu vergilendirmeden \u00f6t\u00fcr\u00fc alkole ula\u015famayan vatanda\u015flar\u0131m\u0131z ka\u00e7ak i\u00e7kiye y\u00f6nelmektedir. Ya\u015fanan bu katliam\u0131n, bu can kay\u0131plar\u0131n\u0131n nedeni de budur\u201d dedi.<\/p>\n","protected":false},"author":1,"featured_media":30512,"comment_status":"open","ping_status":"open","sticky":false,"template":"","format":"standard","meta":{"footnotes":""},"categories":[25],"tags":[663],"class_list":["post-30511","post","type-post","status-publish","format-standard","has-post-thumbnail","hentry","category-gundem","tag-alkol"],"_links":{"self":[{"href":"https:\/\/ikimisli.tr\/index.php\/wp-json\/wp\/v2\/posts\/30511","targetHints":{"allow":["GET"]}}],"collection":[{"href":"https:\/\/ikimisli.tr\/index.php\/wp-json\/wp\/v2\/posts"}],"about":[{"href":"https:\/\/ikimisli.tr\/index.php\/wp-json\/wp\/v2\/types\/post"}],"author":[{"embeddable":true,"href":"https:\/\/ikimisli.tr\/index.php\/wp-json\/wp\/v2\/users\/1"}],"replies":[{"embeddable":true,"href":"https:\/\/ikimisli.tr\/index.php\/wp-json\/wp\/v2\/comments?post=30511"}],"version-history":[{"count":1,"href":"https:\/\/ikimisli.tr\/index.php\/wp-json\/wp\/v2\/posts\/30511\/revisions"}],"predecessor-version":[{"id":30513,"href":"https:\/\/ikimisli.tr\/index.php\/wp-json\/wp\/v2\/posts\/30511\/revisions\/30513"}],"wp:featuredmedia":[{"embeddable":true,"href":"https:\/\/ikimisli.tr\/index.php\/wp-json\/wp\/v2\/media\/30512"}],"wp:attachment":[{"href":"https:\/\/ikimisli.tr\/index.php\/wp-json\/wp\/v2\/media?parent=30511"}],"wp:term":[{"taxonomy":"category","embeddable":true,"href":"https:\/\/ikimisli.tr\/index.php\/wp-json\/wp\/v2\/categories?post=30511"},{"taxonomy":"post_tag","embeddable":true,"href":"https:\/\/ikimisli.tr\/index.php\/wp-json\/wp\/v2\/tags?post=30511"}],"curies":[{"name":"wp","href":"https:\/\/api.w.org\/{rel}","templated":true}]}}