{"id":30564,"date":"2025-04-24T08:24:13","date_gmt":"2025-04-24T08:24:13","guid":{"rendered":"https:\/\/ikimisli.tr\/?p=30564"},"modified":"2025-04-24T08:24:13","modified_gmt":"2025-04-24T08:24:13","slug":"eski-tunceli-belediye-es-baskani-birsen-orhana-hapis-cezasi","status":"publish","type":"post","link":"https:\/\/ikimisli.tr\/index.php\/2025\/04\/24\/eski-tunceli-belediye-es-baskani-birsen-orhana-hapis-cezasi\/","title":{"rendered":"Eski Tunceli Belediye E\u015f Ba\u015fkan\u0131 Birsen Orhan&#8217;a hapis cezas\u0131"},"content":{"rendered":"<p>Tunceli Belediye Ba\u015fkan\u0131 Cevdet Konak ve Ovac\u0131k Belediye Lideri Mustafa Sar\u0131g\u00fcl&#8217;\u00fcn &#8216;Ter\u00f6r \u00f6rg\u00fct\u00fcne \u00fcye olmak&#8217; kabahatinden 6 y\u0131l 3 ay mahpus cezas\u0131 almalar\u0131n\u0131n ard\u0131ndan \u0130\u00e7i\u015fleri Bakanl\u0131\u011f\u0131 taraf\u0131ndan ge\u00e7ici g\u00f6revlendirme yap\u0131ld\u0131ktan sonra kentte d\u00fczenlenen m\u00fcsaadesiz aksiyonlara kat\u0131larak a\u00e7\u0131klama yapan Tunceli Belediyesi E\u015f Ba\u015fkan\u0131 Birsen Orhan, 23 Kas\u0131m&#8217;da g\u00f6zalt\u0131na al\u0131nd\u0131. Emniyette s\u00f6z vermeyen ve s\u0131hhat denetiminin akabinde savc\u0131l\u0131\u011fa sevk edilen Orhan\u2019a, 24 Kas\u0131m&#8217;da &#8216;Halk\u0131 c\u00fcr\u00fcm i\u015flemeye alenen tahrik&#8217; kabahatinden \u00e7\u0131kar\u0131ld\u0131\u011f\u0131 mahkemede yurt d\u0131\u015f\u0131 yasa\u011f\u0131 konularak konut mahpusu verildi. Pertek il\u00e7esinde konut mahpusunda olan Orhan, 30 Kas\u0131m g\u00fcn\u00fc &#8216;2911 say\u0131l\u0131 yasaya muhalefet ve vazifesi yapt\u0131rmamak i\u00e7in direnme&#8217; c\u00fcrm\u00fcnden s\u00f6z\u00fcn\u00fcn al\u0131nmas\u0131 i\u00e7in Tunceli Adliyesi&#8217;ne g\u00f6t\u00fcr\u00fcld\u00fc. Orhan, \u00e7\u0131kar\u0131ld\u0131\u011f\u0131 mahkemede bu iki kabahatten tutuklanarak cezaevine g\u00f6nderildi. Avukatlar\u0131n\u0131n yapt\u0131\u011f\u0131 itiraz\u0131n akabinde Orhan, 3 Aral\u0131k\u2019ta tahliye edildi.<\/p>\n<p>15 Ocak\u2019ta, Orhan hakk\u0131nda a\u00e7\u0131lan davan\u0131n duru\u015fmas\u0131 g\u00f6r\u00fcld\u00fc. Birsen Orhan, yapt\u0131\u011f\u0131 savunmada \u00fczerine at\u0131l\u0131 su\u00e7lamalar\u0131 kabul etmedi. Avukatlar\u0131 da savunmalar\u0131n\u0131 tamamlad\u0131ktan sonra tahliye talebinde bulundu. Savunma ve taleplerin akabinde mahkeme heyeti, Birsen Orhan\u2019\u0131n konut mahpusu ve yurt d\u0131\u015f\u0131 yasa\u011f\u0131n\u0131n kald\u0131r\u0131lmas\u0131na karar vererek duru\u015fmay\u0131 7 \u015eubat\u2019a erteledi.<\/p>\n<p>Birsen Orhan hakk\u0131nda a\u00e7\u0131lan davan\u0131n karar duru\u015fmas\u0131, Tunceli 1\u2019inci Asliye Ceza Mahkemesi\u2019nde g\u00f6r\u00fcld\u00fc. Orhan\u2019\u0131n kat\u0131lmad\u0131\u011f\u0131 duru\u015fmada avukatlar\u0131 Fatma Kalsen, Enver Erdal \u015eim\u015fek ve Kenan \u00c7etin haz\u0131r bulundu.<\/p>\n<p>Savc\u0131 Orhan\u2019\u0131n m\u00fcsaadesiz hareketlerde yapt\u0131\u011f\u0131 konu\u015fmas\u0131nda kulland\u0131\u011f\u0131 \u2018i\u015fgal\u2019 ve \u2018m\u00fccadele\u2019 kelamlar\u0131n\u0131 \u2018Yak\u0131n tehlike\u2019 olarak k\u0131ymetlendirerek ceza talep etti. Mahkeme, yapt\u0131\u011f\u0131 konu\u015fmaya ait Birsen Orhan\u2019\u0131 &#8216;Halk\u0131 kabahat i\u015flemeye alenen tahrik&#8217; hatas\u0131ndan 5 ay mahpusa \u00e7arpt\u0131rd\u0131. Karar\u0131n a\u00e7\u0131klanmas\u0131n\u0131 geri b\u0131rakan mahkeme, toplama karar\u0131 olan \u2018Jineoloji\u2019 kitab\u0131n\u0131n tan\u0131t\u0131m\u0131n\u0131 yapt\u0131\u011f\u0131 ve bulundurdu\u011fu gerek\u00e7esiyle san\u0131k Orhan\u2019\u0131n beraatine karar verdi.<\/p>\n","protected":false},"excerpt":{"rendered":"<p>Tunceli Belediyesi&#8217;ne yap\u0131lan g\u00f6revlendirme sonras\u0131 m\u00fcsaadesiz aksiyonlar s\u0131ras\u0131nda yapt\u0131\u011f\u0131 konu\u015fmas\u0131nda kulland\u0131\u011f\u0131 s\u00f6zler nedeniyle hakk\u0131nda dava a\u00e7\u0131lan DEM Parti\u2019li Belediye Meclis \u00dcyesi ve E\u015f Ba\u015fkan\u0131 Birsen Orhan, &#8216;Halk\u0131 hata i\u015flemeye alenen tahrik&#8217; c\u00fcrm\u00fcnden 5 ay mahpusa \u00e7arpt\u0131r\u0131ld\u0131. Mahkeme, karar\u0131n a\u00e7\u0131klanmas\u0131n\u0131 geri b\u0131rakt\u0131.<\/p>\n","protected":false},"author":1,"featured_media":30565,"comment_status":"open","ping_status":"open","sticky":false,"template":"","format":"standard","meta":{"footnotes":""},"categories":[25],"tags":[2423,151,2422,97,3128],"class_list":["post-30564","post","type-post","status-publish","format-standard","has-post-thumbnail","hentry","category-gundem","tag-birsen-orhan","tag-mahkeme","tag-orhan","tag-suc","tag-yaptigi"],"_links":{"self":[{"href":"https:\/\/ikimisli.tr\/index.php\/wp-json\/wp\/v2\/posts\/30564","targetHints":{"allow":["GET"]}}],"collection":[{"href":"https:\/\/ikimisli.tr\/index.php\/wp-json\/wp\/v2\/posts"}],"about":[{"href":"https:\/\/ikimisli.tr\/index.php\/wp-json\/wp\/v2\/types\/post"}],"author":[{"embeddable":true,"href":"https:\/\/ikimisli.tr\/index.php\/wp-json\/wp\/v2\/users\/1"}],"replies":[{"embeddable":true,"href":"https:\/\/ikimisli.tr\/index.php\/wp-json\/wp\/v2\/comments?post=30564"}],"version-history":[{"count":1,"href":"https:\/\/ikimisli.tr\/index.php\/wp-json\/wp\/v2\/posts\/30564\/revisions"}],"predecessor-version":[{"id":30566,"href":"https:\/\/ikimisli.tr\/index.php\/wp-json\/wp\/v2\/posts\/30564\/revisions\/30566"}],"wp:featuredmedia":[{"embeddable":true,"href":"https:\/\/ikimisli.tr\/index.php\/wp-json\/wp\/v2\/media\/30565"}],"wp:attachment":[{"href":"https:\/\/ikimisli.tr\/index.php\/wp-json\/wp\/v2\/media?parent=30564"}],"wp:term":[{"taxonomy":"category","embeddable":true,"href":"https:\/\/ikimisli.tr\/index.php\/wp-json\/wp\/v2\/categories?post=30564"},{"taxonomy":"post_tag","embeddable":true,"href":"https:\/\/ikimisli.tr\/index.php\/wp-json\/wp\/v2\/tags?post=30564"}],"curies":[{"name":"wp","href":"https:\/\/api.w.org\/{rel}","templated":true}]}}