{"id":30602,"date":"2025-04-24T10:36:08","date_gmt":"2025-04-24T10:36:08","guid":{"rendered":"https:\/\/ikimisli.tr\/?p=30602"},"modified":"2025-04-24T10:36:08","modified_gmt":"2025-04-24T10:36:08","slug":"chpden-koy-kanununun-iptali-icin-aymye-basvurdu","status":"publish","type":"post","link":"https:\/\/ikimisli.tr\/index.php\/2025\/04\/24\/chpden-koy-kanununun-iptali-icin-aymye-basvurdu\/","title":{"rendered":"CHP&#8217;den &#8216;K\u00f6y Kanunu&#8217;nun iptali i\u00e7in AYM&#8217;ye ba\u015fvurdu"},"content":{"rendered":"<p>CHP K\u00fcme Ba\u015fkanvekili G\u00f6khan G\u00fcnayd\u0131n, 7534 say\u0131l\u0131 &#8216;K\u00f6y Kanunu ile Birtak\u0131m Kanunlarda De\u011fi\u015fiklik Yap\u0131lmas\u0131na Dair Kanun&#8217;un kimi hususlar\u0131n\u0131n y\u00fcr\u00fcrl\u00fc\u011f\u00fcn\u00fcn durdurulmas\u0131 ve iptali istemiyle Anayasa Mahkemesi&#8217;ne (AYM) ba\u015fvurdu.<\/p>\n<p>G\u00fcnayd\u0131n, m\u00fcracaat\u0131n akabinde yapt\u0131\u011f\u0131 a\u00e7\u0131klamada, daha evvel yapt\u0131klar\u0131 m\u00fcracaatlarla kelam konusu kanunda yer alan birtak\u0131m d\u00fczenlemelerin kapsamdan \u00e7\u0131kar\u0131ld\u0131\u011f\u0131n\u0131 belirterek, &#8220;Ancak geriye kalan d\u00fczenlemeler de olumlu de\u011fildi. \u0130mar hakk\u0131 transferi, vilayetler ortas\u0131nda art\u0131k yap\u0131lam\u0131yor. Bu a\u00e7\u0131k; lakin al\u0131c\u0131 ve verici parselin vilayet i\u00e7inde olmas\u0131 durumunda, imar hakk\u0131 transferi yap\u0131labiliyor. Bu m\u00fclkiyet hakk\u0131na, bar\u0131nma hakk\u0131na muhalif bir d\u00fczenleme. Hangi yasal \u00f6l\u00e7\u00fcte nazaran bu imar hakk\u0131 transferini yapacaks\u0131n\u0131z? Burada iktisadi, siyasi kimi olumsuz saikler \u00e7al\u0131\u015fmayacak m\u0131? M\u00fcnasebetiyle bu d\u00fczenlemenin; anayasal m\u00fclkiyet hakk\u0131na, imar hakk\u0131na ve bar\u0131nma hakk\u0131na muhalif i\u00e7eri\u011fi nedeniyle iptalini ve y\u00fcr\u00fctmesinin durdurulmas\u0131n\u0131 istiyoruz. Tekrar i\u015flev ve imar plan\u0131 de\u011fi\u015fikli\u011fi sonras\u0131 malikten y\u00fczde 90 oran\u0131nda k\u0131ymet art\u0131\u015f hissesi al\u0131nacak. Pekala, bu &#8216;malik&#8217; dedi\u011fimiz insan kimdir? Hangi iktisadi zenginli\u011fe sahiptir? En fakirden da alacak m\u0131s\u0131n\u0131z? Yoksa en zenginden her vakit yapt\u0131\u011f\u0131n\u0131z \u00fczere bunu muaf m\u0131 tutacaks\u0131n\u0131z? D\u00fczenlemede buna ait bir belirleme ve kat\u0131l\u0131k yok. Bunu da Anayasa Mahkemesi&#8217;ne ta\u015f\u0131d\u0131k&#8221; dedi.<\/p>\n<p><b>&#8216;G\u00dcNE\u015e VE R\u00dcZGAR G\u00dcC\u00dc SANTRALLER\u0130N\u0130 YAPI KONTROL\u00dcNDEN \u00c7IKARTIYORLAR&#8217;<\/b><\/p>\n<p>G\u00fcnayd\u0131n, &#8220;Yine mahall\u00ee y\u00f6netimlerin ve kamu kurumu niteli\u011findeki meslek kurulu\u015flar\u0131n\u0131n yetkilerini, Etraf ve \u015eehircilik Bakanl\u0131\u011f\u0131&#8217;na aktaran d\u00fczenlemelerin iptalini istiyoruz. Elektronik haberle\u015fme i\u00e7in kule ve direkler dikiliyor. Pekala, bunun demokratik kat\u0131l\u0131mc\u0131l\u0131k prensibine nazaran, insan s\u0131hhatini \u00f6nemseyen bir tertip i\u00e7erisinde yap\u0131lmas\u0131 gerekmez mi? Bu \u015firketlerin birbirleriyle rekabet etmek i\u00e7in gereksiz ve kule, direk israf\u0131na neden olacak formda bir kirlilik yaratmas\u0131na, insan s\u0131hhatini hi\u00e7e saymas\u0131na m\u00fcsaade mi verece\u011fiz? Elbette bunun da y\u00fcr\u00fcrl\u00fc\u011f\u00fcn\u00fcn durdurulmas\u0131n\u0131 ve iptalini istiyoruz. G\u00fcne\u015f ve r\u00fczgar g\u00fcc\u00fc santrallerini yap\u0131 kontrol\u00fcnden \u00e7\u0131kart\u0131yorlar. Neden; g\u00fcne\u015f g\u00fcc\u00fc santrali bir yap\u0131 de\u011fil mi, r\u00fczgar g\u00fcc\u00fc santrali bir yap\u0131 de\u011fil mi? T\u00fcrkiye&#8217;de kontrol eksikli\u011finin nelere yol a\u00e7t\u0131\u011f\u0131n\u0131 g\u00f6r\u00fcyoruz&#8221; diye konu\u015ftu.<\/p>\n<p><b>&#8216;VER\u0130LER 3&#8217;\u00dcNC\u00dc B\u0130REYLERLE PAYLA\u015eILAB\u0130L\u0130YOR&#8217;<\/b><\/p>\n<p>Elektronik da\u011f\u0131t\u0131ma nazaran belirlenen yap\u0131 kontrol kurulu\u015flar\u0131n\u0131n, ceza kararlar\u0131ndan istisna tutuldu\u011funu s\u00f6yleyen G\u00fcnayd\u0131n, &#8220;Neden ba\u015fkalar\u0131 ceza kararlar\u0131n\u0131n i\u00e7erisinde de bunlar ceza kararlardan istisna? Art\u0131k bu d\u00fczenlemenin i\u00e7erisinde &#8216;Ki\u015fisel Bilgilerin Korunmas\u0131 Kanunu&#8217;na ve bunun isteme hakk\u0131na al\u0131\u015f\u0131lmam\u0131\u015f \u00e7ok say\u0131da d\u00fczenleme var. Co\u011frafik Bilgi Sistemi&#8217;nde yer alan bilgiler, 3&#8217;\u00fcnc\u00fc \u015fah\u0131slarla bireylerce payla\u015f\u0131labiliyor. Me\u011fer Co\u011frafik Bilgi Sistemleri insanlar\u0131n \u00f6zel \u00f6mr\u00fcne, ferd\u00ee \u00f6mr\u00fcne ait \u00e7ok say\u0131da bilgiyi ve datay\u0131 i\u00e7eri\u011finde tutabiliyor. Daha da garibi, ak\u0131ll\u0131 kent uygulamalar\u0131 kapsam\u0131nda co\u011frafik data toplayan sens\u00f6rleri bellilikten \u00e7\u0131kart\u0131yorlar. Nerelerde data toplayacaks\u0131n\u0131z, bunun unsuru ne? \u015eah\u0131slar\u0131n \u00f6zel hayat\u0131n\u0131, ferd\u00ee g\u00fcvenli\u011fini nerede ihlal ediyorsunuz? Nerede bunun bir durmas\u0131 olacak? B\u00fct\u00fcn bunlar Anayasa&#8217;ya ayk\u0131r\u0131d\u0131r. T\u00fcrkiye \u00c7evre Ajans\u0131 var; bunun ortak olaca\u011f\u0131 \u015firketleri yasal bir \u00f6l\u00e7\u00fct olmaks\u0131z\u0131n Cumhurba\u015fkan\u0131 belirliyor. Cumhurba\u015fkan\u0131na bu yetkiler bir \u00f6l\u00e7\u00fct tan\u0131nmaks\u0131z\u0131n verildi\u011fi vakit hangi \u015firketlerin, nas\u0131l kayr\u0131ld\u0131\u011f\u0131n\u0131 bu memleket \u00e7ok g\u00f6rd\u00fc. Hasebiyle yasal \u00f6l\u00e7\u00fct yoksa verilen yetki keyfili\u011fe dayanan bi\u00e7imde kullan\u0131labilecektir. Bunun da iptalini talep ediyoruz. Nihayet kelam\u0131 edilen T\u00fcrkiye ve \u00c7evre Ajans\u0131 Te\u015fkilat\u0131&#8217;n\u0131n ve istihdam edilecek i\u015f\u00e7inin \u00f6zl\u00fck haklar\u0131n\u0131n yeniden yasal \u00f6l\u00e7\u00fct aranmaks\u0131z\u0131n idarece belirlenmesi durumunu da Anayasa Mahkemesi&#8217;ne ta\u015f\u0131d\u0131k&#8221; dedi.<\/p>\n<p><b>&#8216;\u00d6ZEL OLARAK ANAYASA MAHKEMES\u0130&#8217;NE TA\u015eIYACA\u011eIZ&#8217;<\/b><\/p>\n<p>CHP k\u00fcmesinin, neredeyse her hafta Anayasa&#8217;ya muhalif d\u00fczenlemeleri, y\u00fcr\u00fcrl\u00fcklerinin durdurulmas\u0131 ve iptal istemiyle AYM&#8217;ye ta\u015f\u0131d\u0131\u011f\u0131n\u0131 aktaran G\u00fcnayd\u0131n, &#8220;Devlet Denetleme Konseyi&#8217;ne, rastgele demokratik devlette olmayacak yetkiler tan\u0131d\u0131lar. R\u00fctbesi ve misyonu ne olursa olsun kamu g\u00f6revlilerini, bir Devlet Denetleme Kurulu \u00fcyesi ya da denet\u00e7isi kamu hizmetine kar\u015f\u0131t buldu\u011fu gerek\u00e7esiyle, ucu a\u00e7\u0131k bir \u00e7er\u00e7eve i\u00e7erisinde, vazifeden uzakla\u015ft\u0131rabiliyor. Bu kabul edilebilir de\u011fildir. \u0130lgili yasa hususu olduk\u00e7a uzundur; torba kanunu i\u00e7erisinde \u00e7ok say\u0131da d\u00fczenleme vard\u0131r. Devlet Denetleme Kurulu ile ilgili k\u0131sm\u0131, 60 g\u00fcnl\u00fck s\u00fcreyi beklemeden azam\u00ee 2 haftal\u0131k bir vakit dilimi i\u00e7erisinde \u00f6b\u00fcr hususlardan kopartarak \u00f6zel olarak Anayasa Mahkemesi&#8217;ne ta\u015f\u0131yaca\u011f\u0131z&#8221; diye konu\u015ftu<\/p>\n","protected":false},"excerpt":{"rendered":"<p>CHP&#8217;li G\u00f6khan G\u00fcnayd\u0131n ve beraberindeki heyet, 7534 say\u0131l\u0131 &#8216;K\u00f6y Kanunu ile Kimi Kanunlarda De\u011fi\u015fiklik Yap\u0131lmas\u0131na Dair Kanun&#8217;un birtak\u0131m hususlar\u0131n\u0131n y\u00fcr\u00fcrl\u00fc\u011f\u00fcn\u00fcn durdurulmas\u0131 ve iptali istemli dilek\u00e7eyi AYM&#8217;ye sundu.<\/p>\n","protected":false},"author":1,"featured_media":30603,"comment_status":"open","ping_status":"open","sticky":false,"template":"","format":"standard","meta":{"footnotes":""},"categories":[25],"tags":[5170,490,1214,1001,292],"class_list":["post-30602","post","type-post","status-publish","format-standard","has-post-thumbnail","hentry","category-gundem","tag-duzen","tag-hakki","tag-icerisinde","tag-veri","tag-yapi"],"_links":{"self":[{"href":"https:\/\/ikimisli.tr\/index.php\/wp-json\/wp\/v2\/posts\/30602","targetHints":{"allow":["GET"]}}],"collection":[{"href":"https:\/\/ikimisli.tr\/index.php\/wp-json\/wp\/v2\/posts"}],"about":[{"href":"https:\/\/ikimisli.tr\/index.php\/wp-json\/wp\/v2\/types\/post"}],"author":[{"embeddable":true,"href":"https:\/\/ikimisli.tr\/index.php\/wp-json\/wp\/v2\/users\/1"}],"replies":[{"embeddable":true,"href":"https:\/\/ikimisli.tr\/index.php\/wp-json\/wp\/v2\/comments?post=30602"}],"version-history":[{"count":1,"href":"https:\/\/ikimisli.tr\/index.php\/wp-json\/wp\/v2\/posts\/30602\/revisions"}],"predecessor-version":[{"id":30604,"href":"https:\/\/ikimisli.tr\/index.php\/wp-json\/wp\/v2\/posts\/30602\/revisions\/30604"}],"wp:featuredmedia":[{"embeddable":true,"href":"https:\/\/ikimisli.tr\/index.php\/wp-json\/wp\/v2\/media\/30603"}],"wp:attachment":[{"href":"https:\/\/ikimisli.tr\/index.php\/wp-json\/wp\/v2\/media?parent=30602"}],"wp:term":[{"taxonomy":"category","embeddable":true,"href":"https:\/\/ikimisli.tr\/index.php\/wp-json\/wp\/v2\/categories?post=30602"},{"taxonomy":"post_tag","embeddable":true,"href":"https:\/\/ikimisli.tr\/index.php\/wp-json\/wp\/v2\/tags?post=30602"}],"curies":[{"name":"wp","href":"https:\/\/api.w.org\/{rel}","templated":true}]}}