{"id":30687,"date":"2025-04-24T15:36:20","date_gmt":"2025-04-24T15:36:20","guid":{"rendered":"https:\/\/ikimisli.tr\/?p=30687"},"modified":"2025-04-24T15:36:20","modified_gmt":"2025-04-24T15:36:20","slug":"silivri-ziyareti-sonrasi-chp-heyetinden-aciklama-hukuksuzluklara-karsi-direnisimizi-surdurecegiz","status":"publish","type":"post","link":"https:\/\/ikimisli.tr\/index.php\/2025\/04\/24\/silivri-ziyareti-sonrasi-chp-heyetinden-aciklama-hukuksuzluklara-karsi-direnisimizi-surdurecegiz\/","title":{"rendered":"Silivri ziyareti sonras\u0131 CHP heyetinden a\u00e7\u0131klama: &#8216;Hukuksuzluklara kar\u015f\u0131 direni\u015fimizi s\u00fcrd\u00fcrece\u011fiz&#8217;"},"content":{"rendered":"<p>Son devirde artan g\u00f6zalt\u0131 ve tutuklamalara kar\u015f\u0131 Cumhuriyet Halk Partisi (CHP) heyeti dayanak ziyaretlerini s\u00fcrd\u00fcr\u00fcyor.<\/p>\n<p>CHP Genel Lider Yard\u0131mc\u0131s\u0131 G\u00fcl \u00c7iftci, Ankara Milletvekili Umut Akdo\u011fan, Mu\u011fla Milletvekili Gizem \u00d6zcan ve \u0130stanbul Milletvekili Ali G\u00f6k\u00e7ek&#8217;ten olu\u015fan heyet, sabah saatlerinde Halk TV&#8217;yi ziyaret etti.\u00a0<\/p>\n<p>Heyet, bas\u0131n tarihine kara bir leke olarak ge\u00e7en bir hukuk skandal\u0131 sonras\u0131 tutuklanan Halk TV Genel Yay\u0131n Y\u00f6netmeni Suat Tokta\u015f&#8217;\u0131 Silivri Cezaevinde ziyaret etmeyi planlad\u0131klar\u0131n\u0131 a\u00e7\u0131klad\u0131. CHP&#8217;li isimler, &#8220;Her t\u00fcrl\u00fc bask\u0131ya kar\u015f\u0131 demokrasimizin teminat\u0131 olan bas\u0131n \u00f6zg\u00fcrl\u00fc\u011f\u00fcn\u00fc savunuyoruz. Halk TV&#8217;nin yan\u0131nda olmaya devam edece\u011fiz.&#8221; halinde s\u00f6zlerde bulundular.<\/p>\n<p><strong>Suat Tokta\u015f ve Ba\u015fka Tutuklulara Ziyaret<\/strong><\/p>\n<p>CHP heyeti, \u00f6\u011flen saatlerinde Silivri&#8217;deki Marmara Cezaevi&#8217;ne ge\u00e7erek, tutuklu gazeteci Suat Tokta\u015f\u2019\u0131n yan\u0131 s\u0131ra Seyahat Davas\u0131&#8217;ndan cezaevinde bulunan kent planc\u0131s\u0131 Tayfun Kahraman&#8217;\u0131, \u015fafak operasyonlar\u0131yla tutuklanan ve vazifeden al\u0131nan Esenyurt Belediye Ba\u015fkan\u0131 Ahmet \u00d6zer\u2019i ve Be\u015fikta\u015f Belediye Lideri \u0130stek Akpolat&#8217;\u0131 da ziyaret etti. Ziyaretlerde, tutuklulara y\u00f6nelik bask\u0131lara kar\u015f\u0131 CHP&#8217;nin g\u00fc\u00e7l\u00fc dayanak bildirileri verildi.<\/p>\n<p>\u00c7\u0131k\u0131\u015fta heyet ismine a\u00e7\u0131klama yapan Umut Akdo\u011fan, &#8220;Hukuksuzluklara kar\u015f\u0131 direni\u015fimizi s\u00fcrd\u00fcrece\u011fiz.&#8221; dedi. Akdo\u011fan \u015funlar\u0131 s\u00f6yledi:\u00a0<\/p>\n<p>&#8220;Siliviri Cezaevi Yerle\u015fkesinin i\u00e7erisinde de\u011filiz zira siz bedelli gazetecileri, bas\u0131n kurulu\u015flar\u0131n\u0131, ajanslar\u0131 buraya yana\u015ft\u0131rm\u0131yorlar. \u015eu anda \u00e7ok b\u00fcy\u00fck bir r\u00fczgar var. Hava eksi derecelerde. Lakin sizler burada misyon yapmaya \u00e7al\u0131\u015f\u0131yorsunuz. Arkada\u015flar\u0131m\u0131z\u0131 da bu so\u011fukta Silivri Cezaevi&#8217;nde so\u011fuk Silivri Cezaevi&#8217;nde b\u0131rakman\u0131n kederi h\u00fczn\u00fc i\u00e7erisinde buradan ayr\u0131l\u0131yoruz. Bug\u00fcn sevgili dostumuz, yol arkada\u015f\u0131m\u0131z, hak savunucusu Tayfun Kahraman&#8217;\u0131 ziyaret ettik. Vera&#8217;n\u0131n babas\u0131n\u0131 ziyaret ettik. Tayfun \u00e7ok uzun m\u00fcddettir cezaevinde hukuksuz bir formda tutuluyor. Y\u0131lmad\u0131. Silivri&#8217;nin so\u011fu\u011funa dayan\u0131yor. Arkada\u015f\u0131m\u0131z, yol arkada\u015f\u0131m\u0131z, karde\u015fimiz, dostumuz siyasetle birlikte yol y\u00fcr\u00fcd\u00fc\u011f\u00fcm\u00fcz sevgili \u0130stek Akpolat&#8217;\u0131 da ziyaret ettik. \u0130stek Akpolat&#8217;la ilgili hala belgede kapal\u0131l\u0131k var. Bu z\u0131mnilik karar\u0131 nedeniyle neyle su\u00e7land\u0131\u011f\u0131n\u0131 bilmiyoruz R\u0131za&#8217;n\u0131n. Bir g\u00f6zda\u011f\u0131 veriliyor. Bir savc\u0131 u\u011fra\u015f\u0131n\u0131, ter\u00f6r \u00f6rg\u00fctleriyle, hukuksuzlukla de\u011fil Cumhuriyet Halk Partisi&#8217;yle y\u00fcr\u00fct\u00fcyor&#8230;<\/p>\n<p><strong>&#8220;Y\u00fcre\u011fimizde inan\u00e7 var, kararl\u0131l\u0131k var&#8221;<\/strong><\/p>\n<p>Sevgili Suat Topta\u015f&#8217;\u0131 ziyaret ettik. Cumhuriyet Halk Partisi heyeti olarak. Suat abimiz, Suat Tokta\u015f, savc\u0131n\u0131n tezinde tabir edilen \u015feylerden \u00f6t\u00fcr\u00fc \u00f6gelerden \u00f6t\u00fcr\u00fc ceza bile alm\u0131\u015f olsa bile, bir g\u00fcn yatar\u0131 yok. Yani Suat Tokta\u015f \u015fu anda yatt\u0131\u011f\u0131 her g\u00fcn\u00fc alacakl\u0131 olarak yat\u0131yor, hukuk sisteminden. Ve bir\u00e7ok \u00e7arp\u0131kl\u0131k var. Bunlarla ilgili a\u00e7\u0131klamalar\u0131 yapaca\u011f\u0131z. Ahmet \u00d6zer burada. 101 g\u00fcnd\u00fcr burada. Bir iddianamesi yok. Mevzu Ekrem \u0130mamo\u011flu olunca be\u015f g\u00fcnde iddianame haz\u0131rlayan savc\u0131 101 g\u00fcnd\u00fcr Ahmet \u00d6zer&#8217;e bir iddianame haz\u0131rlayamad\u0131. \u015eu anda toplumsal muhalefetin bunlar\u0131 g\u00f6rmesi gerekiyor. Bu yay\u0131n\u0131 yaparken kameraman arkada\u015f\u0131m\u0131z\u0131n ve sizin so\u011fuktan g\u00f6z\u00fcn\u00fczden ya\u015f geldi\u011fini g\u00f6r\u00fcyorum. Ben s\u00f6zleri g\u00fc\u00e7 se\u00e7iyorum. Bu Silivri&#8217;nin so\u011fu\u011funda arkada\u015flar\u0131m\u0131z\u0131 burada b\u0131rak\u0131yoruz. Fakat y\u00fcre\u011fimizde inan\u00e7 var. Y\u00fcre\u011fimizde kararl\u0131l\u0131k var. Hukuksuzluklara kar\u015f\u0131 direni\u015fimizi s\u00fcrd\u00fcrece\u011fiz.&#8221;<\/p>\n","protected":false},"excerpt":{"rendered":"<p>CHP Genel Lider Yard\u0131mc\u0131s\u0131 G\u00fcl \u00c7iftci, Ankara Milletvekili Umut Akdo\u011fan, Mu\u011fla Milletvekili Gizem \u00d6zcan ve \u0130stanbul Milletvekili Ali G\u00f6k\u00e7ek&#8217;ten olu\u015fan CHP heyeti, Silivri&#8217;deki Marmara Cezaevi&#8217;ne dayanak ziyareti ger\u00e7ekle\u015ftirdi<\/p>\n","protected":false},"author":1,"featured_media":30688,"comment_status":"open","ping_status":"open","sticky":false,"template":"","format":"standard","meta":{"footnotes":""},"categories":[25],"tags":[3970,643,302,2780,642],"class_list":["post-30687","post","type-post","status-publish","format-standard","has-post-thumbnail","hentry","category-gundem","tag-cezaevi","tag-heyet","tag-hukuk","tag-silivri","tag-ziyaret"],"_links":{"self":[{"href":"https:\/\/ikimisli.tr\/index.php\/wp-json\/wp\/v2\/posts\/30687","targetHints":{"allow":["GET"]}}],"collection":[{"href":"https:\/\/ikimisli.tr\/index.php\/wp-json\/wp\/v2\/posts"}],"about":[{"href":"https:\/\/ikimisli.tr\/index.php\/wp-json\/wp\/v2\/types\/post"}],"author":[{"embeddable":true,"href":"https:\/\/ikimisli.tr\/index.php\/wp-json\/wp\/v2\/users\/1"}],"replies":[{"embeddable":true,"href":"https:\/\/ikimisli.tr\/index.php\/wp-json\/wp\/v2\/comments?post=30687"}],"version-history":[{"count":1,"href":"https:\/\/ikimisli.tr\/index.php\/wp-json\/wp\/v2\/posts\/30687\/revisions"}],"predecessor-version":[{"id":30689,"href":"https:\/\/ikimisli.tr\/index.php\/wp-json\/wp\/v2\/posts\/30687\/revisions\/30689"}],"wp:featuredmedia":[{"embeddable":true,"href":"https:\/\/ikimisli.tr\/index.php\/wp-json\/wp\/v2\/media\/30688"}],"wp:attachment":[{"href":"https:\/\/ikimisli.tr\/index.php\/wp-json\/wp\/v2\/media?parent=30687"}],"wp:term":[{"taxonomy":"category","embeddable":true,"href":"https:\/\/ikimisli.tr\/index.php\/wp-json\/wp\/v2\/categories?post=30687"},{"taxonomy":"post_tag","embeddable":true,"href":"https:\/\/ikimisli.tr\/index.php\/wp-json\/wp\/v2\/tags?post=30687"}],"curies":[{"name":"wp","href":"https:\/\/api.w.org\/{rel}","templated":true}]}}