{"id":30738,"date":"2025-04-24T18:36:14","date_gmt":"2025-04-24T18:36:14","guid":{"rendered":"https:\/\/ikimisli.tr\/?p=30738"},"modified":"2025-04-24T18:36:14","modified_gmt":"2025-04-24T18:36:14","slug":"istanbulda-rekor-nufus-131-ulkeden-daha-kalabalik-oldu","status":"publish","type":"post","link":"https:\/\/ikimisli.tr\/index.php\/2025\/04\/24\/istanbulda-rekor-nufus-131-ulkeden-daha-kalabalik-oldu\/","title":{"rendered":"\u0130stanbul&#8217;da rekor n\u00fcfus: 131 \u00fclkeden daha kalabal\u0131k oldu"},"content":{"rendered":"<p>\u0130stanbul\u2019un n\u00fcfusu 2024 y\u0131l\u0131 prestijiyle 45 bin 678 ki\u015fi artarak 15 milyon 701 bin 602\u2019ye y\u00fckseldi. \u0130stanbul, T\u00fcrkiye\u2019nin toplam n\u00fcfusunun y\u00fczde 18,3\u2019\u00fcn\u00fc bar\u0131nd\u0131r\u0131rken, kentte 7,82 milyon erkek ve 7,88 milyon bayan ya\u015f\u0131yor.<\/p>\n<p>D\u00fcnyan\u0131n en kalabal\u0131k kentlerinden biri olan \u0130stanbul, n\u00fcfusu ile bir\u00e7ok \u00fclkeyi geride b\u0131rak\u0131yor. \u0130stanbul, 2024 y\u0131l\u0131 prestijiyle UNFPA\u2019n\u0131n datalar\u0131na nazaran n\u00fcfus \u00f6l\u00e7\u00fcm\u00fc yap\u0131lan 204 \u00fclke ve b\u00f6lgenin 131\u2019inin n\u00fcfusunu geride b\u0131rakm\u0131\u015f durumda.<\/p>\n<p><strong>Avrupa&#8217;da Bir\u00e7ok \u00dclkeden Daha B\u00fcy\u00fck N\u00fcfus<\/strong><\/p>\n<p>\u0130stanbul, Avrupa&#8217;da birtak\u0131m \u00fclkelerden daha fazla n\u00fcfusa sahip. \u00d6rne\u011fin, Bel\u00e7ika (11,7 milyon), \u00c7ekya (10,5 milyon), Yunanistan (10,3 milyon) ve Macaristan (10 milyon) \u00fczere \u00fclkeler, \u0130stanbul&#8217;un n\u00fcfusunun gerisinde kal\u0131yor.<\/p>\n<p>\u0130stanbul ayr\u0131yeten, \u00dcrd\u00fcn, \u0130srail, Tunus ve Azerbaycan \u00fczere \u00fclkelerle birlikte, n\u00fcfus olarak bir\u00e7ok \u00fclkeyi geride b\u0131rakm\u0131\u015f durumda. Kent, S\u0131rbistan, Paraguay ve Libya\u2019y\u0131 ise n\u00fcfus a\u00e7\u0131s\u0131ndan katlam\u0131\u015f durumda.<\/p>\n<p>\u0130stanbul\u2019un 2024&#8217;teki n\u00fcfus art\u0131\u015f\u0131, kenti yaln\u0131zca T\u00fcrkiye&#8217;deki de\u011fil, d\u00fcnya \u00e7ap\u0131nda da epeyce kalabal\u0131k kentlerden biri yapmaya devam ediyor.<\/p>\n","protected":false},"excerpt":{"rendered":"<p>T\u00fcrkiye&#8217;nin megakenti \u0130stanbul kenti, 2024&#8217;te n\u00fcfusunun artmas\u0131 ile 131 \u00fclkeyi geriye b\u0131rakt\u0131.<\/p>\n","protected":false},"author":1,"featured_media":30739,"comment_status":"open","ping_status":"open","sticky":false,"template":"","format":"standard","meta":{"footnotes":""},"categories":[44],"tags":[380,100,1417,5185,145],"class_list":["post-30738","post","type-post","status-publish","format-standard","has-post-thumbnail","hentry","category-yasam","tag-istanbul","tag-milyon","tag-nufus","tag-nufusu","tag-ulke"],"_links":{"self":[{"href":"https:\/\/ikimisli.tr\/index.php\/wp-json\/wp\/v2\/posts\/30738","targetHints":{"allow":["GET"]}}],"collection":[{"href":"https:\/\/ikimisli.tr\/index.php\/wp-json\/wp\/v2\/posts"}],"about":[{"href":"https:\/\/ikimisli.tr\/index.php\/wp-json\/wp\/v2\/types\/post"}],"author":[{"embeddable":true,"href":"https:\/\/ikimisli.tr\/index.php\/wp-json\/wp\/v2\/users\/1"}],"replies":[{"embeddable":true,"href":"https:\/\/ikimisli.tr\/index.php\/wp-json\/wp\/v2\/comments?post=30738"}],"version-history":[{"count":1,"href":"https:\/\/ikimisli.tr\/index.php\/wp-json\/wp\/v2\/posts\/30738\/revisions"}],"predecessor-version":[{"id":30740,"href":"https:\/\/ikimisli.tr\/index.php\/wp-json\/wp\/v2\/posts\/30738\/revisions\/30740"}],"wp:featuredmedia":[{"embeddable":true,"href":"https:\/\/ikimisli.tr\/index.php\/wp-json\/wp\/v2\/media\/30739"}],"wp:attachment":[{"href":"https:\/\/ikimisli.tr\/index.php\/wp-json\/wp\/v2\/media?parent=30738"}],"wp:term":[{"taxonomy":"category","embeddable":true,"href":"https:\/\/ikimisli.tr\/index.php\/wp-json\/wp\/v2\/categories?post=30738"},{"taxonomy":"post_tag","embeddable":true,"href":"https:\/\/ikimisli.tr\/index.php\/wp-json\/wp\/v2\/tags?post=30738"}],"curies":[{"name":"wp","href":"https:\/\/api.w.org\/{rel}","templated":true}]}}