{"id":30764,"date":"2025-04-24T20:00:07","date_gmt":"2025-04-24T20:00:07","guid":{"rendered":"https:\/\/ikimisli.tr\/?p=30764"},"modified":"2025-04-24T20:00:07","modified_gmt":"2025-04-24T20:00:07","slug":"cumhurbaskani-erdogan-macron-ile-gorustu","status":"publish","type":"post","link":"https:\/\/ikimisli.tr\/index.php\/2025\/04\/24\/cumhurbaskani-erdogan-macron-ile-gorustu\/","title":{"rendered":"Cumhurba\u015fkan\u0131 Erdo\u011fan, Macron ile g\u00f6r\u00fc\u015ft\u00fc"},"content":{"rendered":"<p>\u0130leti\u015fim Ba\u015fkanl\u0131\u011f\u0131\u2019n\u0131n toplumsal medya hesab\u0131nda yap\u0131lan a\u00e7\u0131klamada, Cumhurba\u015fkan\u0131 Recep Tayyip Erdo\u011fan\u2019\u0131n Fransa Cumhurba\u015fkan\u0131 Emmanuel Macron ile bir telefon g\u00f6r\u00fc\u015fmesi ger\u00e7ekle\u015ftirdi\u011fi, g\u00f6r\u00fc\u015fmede T\u00fcrkiye ile Fransa ikili alakalar\u0131, b\u00f6lgesel ve global hususlar\u0131n ele al\u0131nd\u0131\u011f\u0131 belirtildi.<\/p>\n<p>\u0130leti\u015fim Ba\u015fkanl\u0131\u011f\u0131\u2019n\u0131n payla\u015f\u0131m\u0131nda \u015fu tabirlere yer verildi:<\/p>\n<p>&#8220;Cumhurba\u015fkan\u0131m\u0131z Say\u0131n Recep Tayyip Erdo\u011fan, Fransa Cumhurba\u015fkan\u0131 Emmanuel Macron ile bir telefon g\u00f6r\u00fc\u015fmesi ger\u00e7ekle\u015ftirdi. G\u00f6r\u00fc\u015fmede T\u00fcrkiye ile Fransa ikili alakalar\u0131, b\u00f6lgesel ve global hususlar ele al\u0131nd\u0131. Cumhurba\u015fkan\u0131 Erdo\u011fan g\u00f6r\u00fc\u015fmede, iki \u00fclke ortas\u0131ndaki diyalo\u011fun art\u0131r\u0131lmas\u0131n\u0131n ba\u011flant\u0131lara olumlu katk\u0131lar sa\u011flayaca\u011f\u0131n\u0131, T\u00fcrkiye ile Fransa\u2019n\u0131n savunma sanayii ba\u015fta olmak \u00fczere bir\u00e7ok alanda i\u015f birli\u011fi potansiyelinin bulundu\u011funu s\u00f6z etti.<\/p>\n<p>Cumhurba\u015fkan\u0131 Erdo\u011fan, Avrupa Birli\u011fi\u2019nin Suriye\u2019ye y\u00f6nelik yapt\u0131r\u0131mlar\u0131 ask\u0131ya almas\u0131n\u0131n son derece isabetli oldu\u011funu ve yeni periyotta bunlar\u0131n b\u00fcsb\u00fct\u00fcn kald\u0131r\u0131lmas\u0131n\u0131n de\u011ferini belirtirken T\u00fcrkiye\u2019nin Suriye\u2019ye y\u00f6nelik dayana\u011f\u0131na aral\u0131ks\u0131z devam edece\u011fini s\u00f6yledi. Cumhurba\u015fkan\u0131 Erdo\u011fan, Hamas ile \u0130srail ortas\u0131ndaki ate\u015fkesin korunmas\u0131 ve kal\u0131c\u0131 tahlil i\u00e7in \u00e7al\u0131\u015fmalara ba\u015flanmas\u0131 gerekti\u011fini s\u00f6z etti.&#8221;<\/p>\n","protected":false},"excerpt":{"rendered":"<p>Cumhurba\u015fkan\u0131 Erdo\u011fan Fransa Cumhurba\u015fkan\u0131 Macron ile g\u00f6r\u00fc\u015ft\u00fc. G\u00f6r\u00fc\u015fmede T\u00fcrkiye ile Fransa ikili ba\u011flar\u0131, b\u00f6lgesel ve global mevzular ele al\u0131nd\u0131.<\/p>\n","protected":false},"author":1,"featured_media":30765,"comment_status":"open","ping_status":"open","sticky":false,"template":"","format":"standard","meta":{"footnotes":""},"categories":[25],"tags":[1131,306,864],"class_list":["post-30764","post","type-post","status-publish","format-standard","has-post-thumbnail","hentry","category-gundem","tag-cumhurbaskani","tag-erdogan","tag-fransa"],"_links":{"self":[{"href":"https:\/\/ikimisli.tr\/index.php\/wp-json\/wp\/v2\/posts\/30764","targetHints":{"allow":["GET"]}}],"collection":[{"href":"https:\/\/ikimisli.tr\/index.php\/wp-json\/wp\/v2\/posts"}],"about":[{"href":"https:\/\/ikimisli.tr\/index.php\/wp-json\/wp\/v2\/types\/post"}],"author":[{"embeddable":true,"href":"https:\/\/ikimisli.tr\/index.php\/wp-json\/wp\/v2\/users\/1"}],"replies":[{"embeddable":true,"href":"https:\/\/ikimisli.tr\/index.php\/wp-json\/wp\/v2\/comments?post=30764"}],"version-history":[{"count":1,"href":"https:\/\/ikimisli.tr\/index.php\/wp-json\/wp\/v2\/posts\/30764\/revisions"}],"predecessor-version":[{"id":30766,"href":"https:\/\/ikimisli.tr\/index.php\/wp-json\/wp\/v2\/posts\/30764\/revisions\/30766"}],"wp:featuredmedia":[{"embeddable":true,"href":"https:\/\/ikimisli.tr\/index.php\/wp-json\/wp\/v2\/media\/30765"}],"wp:attachment":[{"href":"https:\/\/ikimisli.tr\/index.php\/wp-json\/wp\/v2\/media?parent=30764"}],"wp:term":[{"taxonomy":"category","embeddable":true,"href":"https:\/\/ikimisli.tr\/index.php\/wp-json\/wp\/v2\/categories?post=30764"},{"taxonomy":"post_tag","embeddable":true,"href":"https:\/\/ikimisli.tr\/index.php\/wp-json\/wp\/v2\/tags?post=30764"}],"curies":[{"name":"wp","href":"https:\/\/api.w.org\/{rel}","templated":true}]}}