{"id":30805,"date":"2025-04-24T22:24:14","date_gmt":"2025-04-24T22:24:14","guid":{"rendered":"https:\/\/ikimisli.tr\/?p=30805"},"modified":"2025-04-24T22:24:14","modified_gmt":"2025-04-24T22:24:14","slug":"36-kisiye-mezar-olan-zekiye-kirat-apartmani-magduru-aileler-saniklarin-rahat-rahat-gezmelerine-isyan-ediyorum","status":"publish","type":"post","link":"https:\/\/ikimisli.tr\/index.php\/2025\/04\/24\/36-kisiye-mezar-olan-zekiye-kirat-apartmani-magduru-aileler-saniklarin-rahat-rahat-gezmelerine-isyan-ediyorum\/","title":{"rendered":"36 ki\u015fiye mezar olan Zekiye K\u0131rat Apartman\u0131 ma\u011fduru aileler: \u201cSan\u0131klar\u0131n rahat rahat gezmelerine isyan ediyorum\u201d"},"content":{"rendered":"<p>6 \u015eubat sars\u0131nt\u0131lar\u0131nda Hatay\u2019\u0131n Antakya il\u00e7esinde Zekiye K\u0131rat Apartman\u0131\u2019n\u0131n y\u0131k\u0131lmas\u0131 sonucu 36 ki\u015finin hayat\u0131n\u0131 kaybetmesiyle ilgili olarak g\u00f6r\u00fclen davan\u0131n d\u00f6rd\u00fcnc\u00fc duru\u015fmas\u0131nda, apartmanda yak\u0131n\u0131n\u0131 kaybeden Gizem Mi\u00e7oo\u011fullar\u0131, san\u0131klara y\u00f6nelik sert tenkitlerde bulundu. Mi\u00e7oo\u011fullar\u0131, \u201cZekiye K\u0131rat Apartman\u0131 o sokakta y\u0131k\u0131lan tek binayd\u0131. Bu binadan daha eski 9-10 tane bina ayakta kald\u0131. Bu bina 10 saniyede pres oldu. Tutuklu olmamalar\u0131na, rahat rahat gezmelerine isyan ediyorum\u201d tabirlerini kulland\u0131.<\/p>\n<p>Duru\u015fmada, Zekiye K\u0131rat Apartman\u0131&#8217;n\u0131n y\u0131k\u0131lmas\u0131yla ilgili m\u00fcteahhit Abdussamet Y\u0131lmaz, yap\u0131 kontrol \u015firketi yetkilisi Cafer Tacettin G\u00fcler, \u015fantiye \u015fefi E.Y., in\u015faat m\u00fchendisi Tamer Tunaboylu, mimar Ay\u015fe Kuseyri, in\u015faat m\u00fchendisi B.B. ve denetim eleman\u0131 mimar Merve K\u00f6se hakk\u0131nda \u201cBilin\u00e7li taksirle birden fazla ki\u015finin vefat\u0131na neden olma\u201d hatas\u0131ndan yarg\u0131lan\u0131yor.<\/p>\n<p><img decoding=\"async\" src=\"https:\/\/ikimisli.tr\/wp-content\/uploads\/2025\/04\/36-kisiye-mezar-olan-zekiye-kirat-apartmani-magduru-aileler-saniklarin-rahat-rahat-gezmelerine-isyan-e99U6Kak.jpg\"\/><\/p>\n<p>Savc\u0131, san\u0131klar\u0131n tutuklanmalar\u0131n\u0131 talep ederken, mahkeme heyeti bu talebi reddetti. Mahkemeye, tutuklu olan yap\u0131 kontrol firmas\u0131 sahibi Cafer Tacettin G\u00fcler ve denetim eleman\u0131 mimar Merve K\u00f6se, cezaevinden ve SEGB\u0130S arac\u0131l\u0131\u011f\u0131yla kat\u0131ld\u0131. Tutuksuz san\u0131klar Ay\u015fe Kuseyri ve ba\u015fka taraflar da duru\u015fmada haz\u0131r bulundu.<\/p>\n<p>Bilirki\u015fi raporlar\u0131na nazaran, Zekiye K\u0131rat Apartman\u0131&#8217;n\u0131n \u00fcretiminde kusurlu oldu\u011fu belirtilen san\u0131klar hakk\u0131nda ikinci eksper raporunda da &#8220;asli kusurlu&#8221; oldu\u011fu tespit edildi.<\/p>\n<p>Duru\u015fma, bir evvelki uzman raporuna itirazlar sonucu Erzurum Atat\u00fcrk \u00dcniversitesi\u2019nden gelen yeni bir raporla devam etti. Fakat avukatlar, raporu ayr\u0131nt\u0131l\u0131 bir formda inceleyemedi\u011fini belirtti.<\/p>\n<p><strong>&#8220;G\u00f6revimizi yapt\u0131k, kabahatimiz yok&#8221;<\/strong><\/p>\n<p>Tutuksuz san\u0131k mimar Ay\u015fe Kuseyri, bir evvelki savunmas\u0131n\u0131 tekrarlad\u0131, vazifesini yapt\u0131\u011f\u0131n\u0131 belirterek, beraatini istedi. Tutuksuz san\u0131k mimar Merve K\u00f6se, uzman raporunda kendisine atfedilen hatalar\u0131n asl\u0131nda in\u015faat m\u00fchendisli\u011fi alan\u0131na ili\u015fkin oldu\u011funu ve kendi sorumlulu\u011funda olmad\u0131\u011f\u0131n\u0131 savundu.<\/p>\n<p>Tutuksuz san\u0131k yap\u0131 kontrol sorumlusu Cafer Tacettin G\u00fcler\u2019in avukat\u0131, m\u00fcvekkilinin binada kontrol yetkisi olmad\u0131\u011f\u0131n\u0131, yaln\u0131zca patron oldu\u011funu, kusur atfedilmesinin hukuka uygun olmad\u0131\u011f\u0131n\u0131 ileri s\u00fcrd\u00fc.<\/p>\n<p><strong>&#8220;Depremin kurban\u0131y\u0131m, hatas\u0131z yat\u0131yorum&#8221;<\/strong><\/p>\n<p>Ba\u015fka bir davadan tutuklu olan yap\u0131 kontrol firmas\u0131 sahibi Cafer Tacettin G\u00fcler savunmas\u0131nda, yap\u0131 kontrol firmas\u0131 sorumlusu sahibi oldu\u011funu belirterek, \u201cBen patronum 8 \u00e7al\u0131\u015fan\u0131m vard\u0131. Bir belediye yap\u0131lan i\u015ften belediye ba\u015fkan\u0131 m\u0131, teknik eleman m\u0131 sorumludur. \u0130ki y\u0131ld\u0131r hatas\u0131z yat\u0131yorum, zelzelenin kurban\u0131 oldum\u201d dedi.<\/p>\n<p>Tutuksuz san\u0131k Tamer Tunaboylu, in\u015faat ba\u015flad\u0131\u011f\u0131nda yap\u0131 kontrol firmas\u0131ndan ayr\u0131ld\u0131\u011f\u0131n\u0131, yap\u0131 temeline dair g\u00f6r\u00fclen imzan\u0131n kendisine ili\u015fkin olmad\u0131\u011f\u0131n\u0131 sav etti.<\/p>\n<p><strong>&#8220;Binan\u0131n y\u0131k\u0131m hali toplu mezar oldu\u011funu g\u00f6steriyor&#8221;<\/strong><\/p>\n<p>M\u00fc\u015fteki avukat\u0131 Feride Tuncer, binan\u0131n taban\u0131n s\u0131k\u0131nt\u0131l\u0131 oldu\u011funu, taban raporu al\u0131nmas\u0131n\u0131 talep ederek, \u201cZemin et\u00fcd\u00fc yap\u0131lsa facian\u0131n boyutu ortaya \u00e7\u0131kar. Zira bu t\u00fcrl\u00fc makus bir tabana ne kadar kalitesiz materyal kullan\u0131ld\u0131\u011f\u0131 ortaya \u00e7\u0131kar. Binan\u0131n y\u0131k\u0131m bi\u00e7imine bak\u0131l\u0131rsa toplu mezar oldu\u011fu ortada\u201d dedi.<\/p>\n<p><strong>&#8220;Bina on saniyede pres oldu&#8221;<\/strong><\/p>\n<p>Binada yak\u0131n\u0131n\u0131 kaybeden Gizem Mi\u00e7oo\u011fullar\u0131, binada 40 ki\u015fi \u00f6ld\u00fc\u011f\u00fcn\u00fc, kayd\u0131 olmayan Suriyelilerin de oldu\u011funu belirtti ve \u201cO sokakta y\u0131k\u0131lan tek binayd\u0131. Bu binadan daha eski 9-10 tane bina ayakta kald\u0131 bu bina 10 saniyede pres oldu. Tutuklu olmamalar\u0131na, rahat rahat gezmelerine isyan ediyorum\u201d diye konu\u015ftu.<\/p>\n<p><strong>M\u00fcteahhit Abdssamet Y\u0131lmaz i\u00e7in yeni rapor talebi<\/strong><\/p>\n<p>San\u0131k m\u00fcteahhit Abdussamet Y\u0131lmaz\u2019\u0131n kanser hastas\u0131 oldu\u011fu ve genel cerrahiden rapor ald\u0131\u011f\u0131n\u0131 belirten m\u00fc\u015fteki avukat\u0131, Y\u0131lmaz\u2019\u0131n heyet raporu almas\u0131n\u0131 istedi.<\/p>\n<p>Savc\u0131 san\u0131klar hakk\u0131nda tutuklama isterken, mahkeme heyeti talebi reddetti. Mahkeme m\u00fcteahhit Abdussamet Y\u0131lmaz\u2019\u0131n zorla getirilmesine, kamu vazifelileri hakk\u0131nda soru\u015fturman\u0131n ak\u0131betinin bak\u0131lmas\u0131na karar verdi. Bir sonraki duru\u015fma 12 Haziran\u2019da g\u00f6r\u00fclecek.<\/p>\n","protected":false},"excerpt":{"rendered":"<p>Hatay\u2019da 6 \u015eubat sars\u0131nt\u0131lar\u0131nda y\u0131k\u0131lan ve 36 ki\u015finin \u00f6mr\u00fcn\u00fc yitirdi\u011fi Zekiye K\u0131rat davas\u0131n\u0131n d\u00f6rd\u00fcnc\u00fc duru\u015fmas\u0131 g\u00f6r\u00fcld\u00fc.<\/p>\n","protected":false},"author":1,"featured_media":30806,"comment_status":"open","ping_status":"open","sticky":false,"template":"","format":"standard","meta":{"footnotes":""},"categories":[25],"tags":[2134,1209,564,2316,172],"class_list":["post-30805","post","type-post","status-publish","format-standard","has-post-thumbnail","hentry","category-gundem","tag-bina","tag-durusma","tag-sanik","tag-yapi-denetim","tag-yilmaz"],"_links":{"self":[{"href":"https:\/\/ikimisli.tr\/index.php\/wp-json\/wp\/v2\/posts\/30805","targetHints":{"allow":["GET"]}}],"collection":[{"href":"https:\/\/ikimisli.tr\/index.php\/wp-json\/wp\/v2\/posts"}],"about":[{"href":"https:\/\/ikimisli.tr\/index.php\/wp-json\/wp\/v2\/types\/post"}],"author":[{"embeddable":true,"href":"https:\/\/ikimisli.tr\/index.php\/wp-json\/wp\/v2\/users\/1"}],"replies":[{"embeddable":true,"href":"https:\/\/ikimisli.tr\/index.php\/wp-json\/wp\/v2\/comments?post=30805"}],"version-history":[{"count":1,"href":"https:\/\/ikimisli.tr\/index.php\/wp-json\/wp\/v2\/posts\/30805\/revisions"}],"predecessor-version":[{"id":30808,"href":"https:\/\/ikimisli.tr\/index.php\/wp-json\/wp\/v2\/posts\/30805\/revisions\/30808"}],"wp:featuredmedia":[{"embeddable":true,"href":"https:\/\/ikimisli.tr\/index.php\/wp-json\/wp\/v2\/media\/30806"}],"wp:attachment":[{"href":"https:\/\/ikimisli.tr\/index.php\/wp-json\/wp\/v2\/media?parent=30805"}],"wp:term":[{"taxonomy":"category","embeddable":true,"href":"https:\/\/ikimisli.tr\/index.php\/wp-json\/wp\/v2\/categories?post=30805"},{"taxonomy":"post_tag","embeddable":true,"href":"https:\/\/ikimisli.tr\/index.php\/wp-json\/wp\/v2\/tags?post=30805"}],"curies":[{"name":"wp","href":"https:\/\/api.w.org\/{rel}","templated":true}]}}