{"id":30834,"date":"2025-04-24T23:48:11","date_gmt":"2025-04-24T23:48:11","guid":{"rendered":"https:\/\/ikimisli.tr\/?p=30834"},"modified":"2025-04-24T23:48:11","modified_gmt":"2025-04-24T23:48:11","slug":"derin-ekonomik-kriz-okullari-bosaltiyor","status":"publish","type":"post","link":"https:\/\/ikimisli.tr\/index.php\/2025\/04\/24\/derin-ekonomik-kriz-okullari-bosaltiyor\/","title":{"rendered":"Derin ekonomik kriz okullar\u0131 bo\u015falt\u0131yor"},"content":{"rendered":"<p>\u00d6zel okullar\u0131n her y\u0131l lin\u00e7 edildi\u011fi bir k\u0131s\u0131r d\u00f6ng\u00fc ya\u015fand\u0131\u011f\u0131n\u0131 kaydeden T\u00fcrkiye \u00d6zel Okullar Derne\u011fi (T\u00d6ZOK) Ba\u015fkan\u0131 Zafer \u00d6zt\u00fcrk, \u201c50 okulun y\u00fcksek fiyatlar\u0131, 12 bin okuldan olu\u015fan t\u00fcm dala mal edilerek, dala haks\u0131z yere soyguncu damgas\u0131 vuruluyor. Bug\u00fcn, \u00e7ok de\u011ferli denilen \u00f6zel okullar\u0131n inan\u0131n ki, kontenjanlar\u0131nda bir tane bile bo\u015fluk yok. Ekonomik darbo\u011faz ve y\u00fcksek enflasyon nedeniyle \u00f6nemli dert ya\u015fayan velilerimiz de var \u201d dedi.<\/p>\n<p>T\u00d6ZOK Ba\u015fkan\u0131 Zafer \u00d6zt\u00fcrk s\u00f6zlerini \u015f\u00f6yle s\u00fcrd\u00fcrd\u00fc: \u201cD\u00fcnyada ve T\u00fcrkiye\u2019de ya\u015fanan ekonomik kriz, pandemi \u00fczere nedenlerle son 5 y\u0131lda yakla\u015f\u0131k 350 bin \u00f6\u011frenci kaybettik. \u00d6\u011frenci say\u0131s\u0131 d\u00fc\u015f\u00fc\u015f\u00fc ile kapanan \u00f6zel okul say\u0131s\u0131, kesimi \u00f6nemli endi\u015felendiriyor. Okullar\u0131m\u0131zda 1.5 milyon \u00f6\u011frencimiz bulunuyor. 350 bini \u00f6\u011fretmen, 500 bin ki\u015fi istihdam ediyoruz. Biz, asl\u0131nda devletin \u00fczerinden \u00e7ok \u00f6nemli bir y\u00fck al\u0131yoruz. Yoksa 1.5 milyon \u00e7ocu\u011fumuz, \u00f6zel yerine devlet okuluna gidecek.\u201d<\/p>\n<p><strong>OKULLARIN YARISI BO\u015e<\/strong><\/p>\n<p>\u201cBir \u00f6\u011frencinin, devlete olan maliyeti bug\u00fcn 200 bin lira. Velilerimiz, devletten dayanak alamad\u0131\u011f\u0131 \u00fczere \u00e7ocu\u011fu \u00f6zel okulda okudu\u011fu i\u00e7in \u00fcste y\u00fczde 10 vergi ve \u00f6zel okullar da y\u00fczde 18 vergi \u00f6d\u00fcyor. Okullar\u0131m\u0131z, \u00e7ok y\u00fcksek ve milletleraras\u0131 muvaffakiyetler yakal\u0131yor. Velilerin bir\u00e7ok \u00e7ocuklar\u0131n\u0131 \u00f6zel okullarda okutmak istedi\u011fi halde, ekonomik zorluktan okutam\u0131yor. \u00d6zel okullar\u0131n kontenjanlar\u0131n\u0131n \u015fu an yar\u0131s\u0131 bo\u015f durumda.\u201d<\/p>\n<p><img decoding=\"async\" src=\"https:\/\/ikimisli.tr\/wp-content\/uploads\/2025\/04\/derin-ekonomik-kriz-okullari-bosaltiyor-0-eCTeKqfP.jpg\"\/><\/p>\n<p><b>\u00d6zellikle beyaz yakal\u0131lar gidiyor<\/b><\/p>\n<p>\u201cBeyaz yakal\u0131 yahut orta gelir k\u00fcmesine  mensup insanlar\u0131m\u0131z maalesef, y\u00fcksek fiyatlardan \u00f6t\u00fcr\u00fc \u00f6zel okullardan gitmek zorunda kal\u0131yor. Ayr\u0131lanlar\u0131n bir\u00e7ok tekrar devlet okullar\u0131 yerine daha d\u00fc\u015f\u00fck fiyatl\u0131 \u00f6zel okullara gitti. T\u00fcrkiye\u2019de orta s\u0131n\u0131f kald\u0131 m\u0131? \u00d6n\u00fcm\u00fczdeki s\u00fcre\u00e7te \u00fclke olarak ekonomik ko\u015fullar d\u00fczelmezse gidi\u015fler daha da artacak. Elektrik, su,  do\u011fal gaz, internet masraflar\u0131 g\u00fcnden g\u00fcne artarken ne biz, ne de \u00f6zel okul velileri devletten bir kuru\u015f dayanak alam\u0131yor.\u201d<\/p>\n<p><b>Velilere te\u015fvik verilsin<\/b><\/p>\n<p>\u201cBa\u015fka \u00fclkelerde, \u00f6zel okulda \u00e7ocuk okutan velilere te\u015fvik verilip okullara mali dayanaklar sa\u011flan\u0131yor. Alt yap\u0131 harcamalar\u0131m\u0131z ve \u00f6\u011fretmenlerimizin ek dersleri, et\u00fct saatleri, 10 y\u0131l \u00f6ncesine oranla \u00e7ok fazla artt\u0131. \u00c7a\u011f\u0131n gerisinde kalmama ismine pedagojik ama\u00e7lar\u0131m\u0131z eskiye oranla \u00e7ok daha y\u00fcksek bir \u00e7\u0131taya y\u00fckseltildi. Al\u0131\u015f\u0131lm\u0131\u015f ki t\u00fcm bunlar mali kaynak gerektiriyor.\u201d<\/p>\n<p><b>Kay\u0131t fiyatlar\u0131 ortas\u0131nda 3 kat fark var<\/b><\/p>\n<p>\u201cSon be\u015f y\u0131lda, tekraren fiyat belirleme kriterleri de\u011fi\u015fti. Ac\u0131 ger\u00e7ek \u015fu ki, birtak\u0131m okullar\u0131n 1., 5., 9. s\u0131n\u0131f kay\u0131tlar\u0131 ile orta s\u0131n\u0131f kay\u0131t fiyatlar\u0131 ortas\u0131nda 3 kat fark var. Y\u00f6netmelikteki fiyatlar ve hizmet fiyatlar\u0131 ile ilgili k\u0131s\u0131tlamalar kald\u0131r\u0131l\u0131rsa arz- talep istikrar\u0131 i\u00e7inde sistem oturur.  Veli, \u00fccret-kalite dengesine g\u00f6re okulu se\u00e7er. Bakan anormal \u00fccret art\u0131\u015flar\u0131 i\u00e7in  \u2018\u0130\u00e7inizdeki \u00e7\u00fcr\u00fck elmalar\u0131 ay\u0131klay\u0131n\u2019 diyor. T\u00d6ZOK olarak, bizim fiyat denetleme yetkimiz yok.  MEB, gere\u011fini yaps\u0131n. Destekliyoruz.\u201d<\/p>\n<p><b>Dokuz ay sonras\u0131n\u0131n \u00fccretleri<\/b><\/p>\n<p>\u201cOkullar \u015fu anda, 9 ay sonras\u0131 olan Eyl\u00fcl 2025\u2019in yani 2025-2026 y\u0131l\u0131 fiyatlar\u0131n\u0131 a\u00e7\u0131kl\u0131yor. Enflasyon fark\u0131n\u0131 y\u00fczde 5 hesapl\u0131yorlar. Fakat 9 ay sonra enflasyon hi\u00e7bir vakit y\u00fczde 5 \u00e7\u0131km\u0131yor.  Bir tek \u00f6zel okullar ve ekmek fiyatlar\u0131 bu t\u00fcrl\u00fc k\u0131s\u0131tlan\u0131yor. F\u0131r\u0131nc\u0131lar bile bu\u011fdaya art\u0131r\u0131m gelince y\u0131lda birka\u00e7 kere art\u0131r\u0131m yapabiliyor fakat biz, y\u0131lda bir defa art\u0131r\u0131m yap\u0131yoruz.\u201d<\/p>\n<p><b>ATAT\u00dcRK\u00c7\u00dc JENERASYON YET\u0130\u015eT\u0130RMEK PRENS\u0130B\u0130YLE 74 YIL EVVEL KURULDU<\/b><\/p>\n<p>Atat\u00fcrk prensipleri \u0131\u015f\u0131\u011f\u0131nda \u00f6\u011frenci yeti\u015ftirmek i\u00e7in 74 y\u0131l evvel kurulan T\u00fcrkiye \u00d6zel Okullar Derne\u011fi\u2019nin, Antalya\u2019da kl\u00e2sik olarak yapt\u0131\u011f\u0131 Milletleraras\u0131 E\u011fitim Sempozyumu\u2019nun 23\u2019\u00fcnc\u00fcs\u00fc, 2 bin 200 e\u011fitim kurumunun i\u015ftirakiyle ger\u00e7ekle\u015fti.<\/p>\n<p><b>\u00d6zel okul sahipleri MEB\u2019den ne istedi?<\/b><\/p>\n<p>&#8211; Maliye Bakanl\u0131\u011f\u0131, resmi ve \u00f6zel okullardaki \u00f6\u011fretmenlerin, SGK prim farklar\u0131n\u0131 e\u015fitlesin.<\/p>\n<p>&#8211; <strong>\u00d6zel okul \u00f6\u011frenci velilerine, bir \u00e7ocu\u011fun devlete maliyeti kadar (200 bin TL) dayanak verilsin.<\/strong><\/p>\n<p>&#8211; \u00d6zel okullarda y\u00fczde 50\u2019si bo\u015f olan kontenjanlar\u0131, hizmet sat\u0131n alma yoluyla devlet sat\u0131n als\u0131n.<\/p>\n<p>&#8211; <strong>MEB, \u00f6zel okullarda \u00e7al\u0131\u015fan \u00f6\u011fretmen ve idarecilerin ye\u015fil pasaport almas\u0131n\u0131n \u00f6n\u00fcn\u00fc a\u00e7s\u0131n.<\/strong><\/p>\n<p><b><strong>Zafer \u00d6zt\u00fcrk kimdir?<\/strong><\/b><\/p>\n<p><img decoding=\"async\" src=\"https:\/\/ikimisli.tr\/wp-content\/uploads\/2025\/04\/derin-ekonomik-kriz-okullari-bosaltiyor-1-SqlsC446.jpg\"\/><\/p>\n<p>\u0130stanbul, 1972 do\u011fumlu. Bilkent \u00dcniversitesi Siyasal Bilimler, \u0130stanbul K\u00fclt\u00fcr \u00dcniversitesi T\u00fcrk Lisan\u0131 ve Edebiyat\u0131 ve Yeditepe \u00dcniversitesi T\u00fcrk Lisan\u0131 Edebiyat\u0131 mezunu olup, T\u00fcrkolog ve \u00f6\u011fretmen. \u0130leri seviyede \u0130ngilizce, Leh\u00e7e ve Bo\u015fnak\u00e7a biliyor. Florya Koleji\u2019nin sahibi. Evli ve 4 \u00e7ocuk babas\u0131.<\/p>\n<p><b>Enflasyon fark\u0131 ciroyu 684 milyar TL\u2019ye \u00e7\u0131kard\u0131!<\/b><\/p>\n<p>\u00d6zel okullar\u0131n bu y\u0131l 425 milyar TL olan cirosu, \u00f6n\u00fcm\u00fczdeki y\u0131l 684 milyar TL\u2019ye \u00e7\u0131k\u0131yor. Paran\u0131n y\u00fczde 60\u2019a yak\u0131n\u0131 servis, yemek \u00fczere masraflara harcanacak. \u00d6\u011fretmen, personel maa\u015flar\u0131, SGK masraflar\u0131 ve vergiler eklendi\u011finde, \u00f6zel okullar\u0131n ger\u00e7ek kazanan\u0131 devlet oluyor.<\/p>\n<p><img decoding=\"async\" src=\"https:\/\/ikimisli.tr\/wp-content\/uploads\/2025\/04\/derin-ekonomik-kriz-okullari-bosaltiyor-2-TQQLwyJv.jpg\"\/><\/p>\n<p><b>SORU &#8211; CEVAP<\/b><\/p>\n<p>&#8211; <strong>\u00d6zel okullarda ka\u00e7 \u00f6\u011frenci burslu okuyor?<\/strong><\/p>\n<p>\u201cE\u011fitim, bizim i\u00e7in ulusal bir sorumluluk. \u015eehit, yetim, \u00f6ks\u00fcz, depremzede ve ba\u015far\u0131l\u0131 \u00f6\u011frencilerimize okullar\u0131m\u0131z\u0131 a\u00e7mak vatan borcumuz. \u00d6zel okullarda, 50 bin \u00f6\u011frencimiz tam burslu ve kalan\u0131 y\u00fczde 50\u2019ye kadar farkl\u0131 burslarla okuyor. Burs vermeyen bir tane bile \u00f6zel okul yok.\u201d<\/p>\n<p>&#8211; <strong>Asgari fiyatla \u00f6\u011fretmen \u00e7al\u0131\u015ft\u0131ran okul var m\u0131?<\/strong><\/p>\n<p>\u201c\u00d6\u011fretmen bizim her \u015feyimiz. Minimum fiyatla \u00f6\u011fretmen olur mu? Okullar\u0131m\u0131zda, taban fiyatl\u0131 \u00f6\u011fretmen \u00e7al\u0131\u015ft\u0131r\u0131lm\u0131yor. \u00c7ok bozuk bir ekonomik dengesizlik olu\u015ftu. Bize, \u2018Enflasyonun yar\u0131s\u0131 oran\u0131nda fiyat artt\u0131rabilirsin\u2019 diyen devlet, kendisine y\u00fczde 124 de\u011ferleme yapt\u0131. Bize de \u2018T\u00dcFE + 5, yani en fazla y\u00fczde 65 art\u0131r\u0131m yapabilirsin\u2019 diyor.\u201d<\/p>\n","protected":false},"excerpt":{"rendered":"<p>T\u00fcrkiye\u2019 deki 12 bin kolejden 50\u2019sinin y\u0131ll\u0131k tahsil fiyat\u0131 1.5 milyon liray\u0131 a\u015ft\u0131. Milyonluk kolejlerde buna kar\u015f\u0131n bir \u00f6\u011frenci kontenjan\u0131 bile bo\u015f kalmad\u0131. Olan, \u00e7ocuklar\u0131n\u0131n nitelikli e\u011fitim almas\u0131 i\u00e7in fedakarl\u0131k yapan beyaz yakal\u0131 ailelerin \u00e7ocuklar\u0131na oldu. Ekonomik zorluktan 350 bin \u00e7ocuk \u00f6zel okuldan al\u0131nd\u0131.<\/p>\n","protected":false},"author":1,"featured_media":30835,"comment_status":"open","ping_status":"open","sticky":false,"template":"","format":"standard","meta":{"footnotes":""},"categories":[23],"tags":[297,658,2080,2493,814],"class_list":["post-30834","post","type-post","status-publish","format-standard","has-post-thumbnail","hentry","category-egitim","tag-devlet","tag-ogrenci","tag-ogretmen","tag-ozel-okullar","tag-ucret"],"_links":{"self":[{"href":"https:\/\/ikimisli.tr\/index.php\/wp-json\/wp\/v2\/posts\/30834","targetHints":{"allow":["GET"]}}],"collection":[{"href":"https:\/\/ikimisli.tr\/index.php\/wp-json\/wp\/v2\/posts"}],"about":[{"href":"https:\/\/ikimisli.tr\/index.php\/wp-json\/wp\/v2\/types\/post"}],"author":[{"embeddable":true,"href":"https:\/\/ikimisli.tr\/index.php\/wp-json\/wp\/v2\/users\/1"}],"replies":[{"embeddable":true,"href":"https:\/\/ikimisli.tr\/index.php\/wp-json\/wp\/v2\/comments?post=30834"}],"version-history":[{"count":1,"href":"https:\/\/ikimisli.tr\/index.php\/wp-json\/wp\/v2\/posts\/30834\/revisions"}],"predecessor-version":[{"id":30839,"href":"https:\/\/ikimisli.tr\/index.php\/wp-json\/wp\/v2\/posts\/30834\/revisions\/30839"}],"wp:featuredmedia":[{"embeddable":true,"href":"https:\/\/ikimisli.tr\/index.php\/wp-json\/wp\/v2\/media\/30835"}],"wp:attachment":[{"href":"https:\/\/ikimisli.tr\/index.php\/wp-json\/wp\/v2\/media?parent=30834"}],"wp:term":[{"taxonomy":"category","embeddable":true,"href":"https:\/\/ikimisli.tr\/index.php\/wp-json\/wp\/v2\/categories?post=30834"},{"taxonomy":"post_tag","embeddable":true,"href":"https:\/\/ikimisli.tr\/index.php\/wp-json\/wp\/v2\/tags?post=30834"}],"curies":[{"name":"wp","href":"https:\/\/api.w.org\/{rel}","templated":true}]}}