{"id":30982,"date":"2025-04-25T08:24:08","date_gmt":"2025-04-25T08:24:08","guid":{"rendered":"https:\/\/ikimisli.tr\/?p=30982"},"modified":"2025-04-25T08:24:08","modified_gmt":"2025-04-25T08:24:08","slug":"sahte-icki-krizi-buyuyor-berberde-bir-anda-yere-uzandi-yasamini-yitirdi","status":"publish","type":"post","link":"https:\/\/ikimisli.tr\/index.php\/2025\/04\/25\/sahte-icki-krizi-buyuyor-berberde-bir-anda-yere-uzandi-yasamini-yitirdi\/","title":{"rendered":"Sahte i\u00e7ki krizi b\u00fcy\u00fcyor: Berberde bir anda yere uzand\u0131,\u00a0ya\u015fam\u0131n\u0131 yitirdi"},"content":{"rendered":"<p>\u0130stanbul Esenyurt\u2019ta arkada\u015flar\u0131yla birlikte yemek yedi\u011fi restorandan ald\u0131\u011f\u0131 ge\u00e7ersiz i\u00e7kiyi g\u00f6t\u00fcrd\u00fc\u011f\u00fc berberde i\u00e7en Kazakistanl\u0131 Samat \u0130manbekov hayat\u0131n\u0131 kaybetti. Valilikler d\u00fcn yapt\u0131klar\u0131 a\u00e7\u0131klamada \u0130stanbul ve Ankara&#8217;da 103 ki\u015finin \u00f6mr\u00fcn\u00fc yitirdi\u011fini a\u00e7\u0131klam\u0131\u015ft\u0131.\u00a0<\/p>\n<p>Olay, 6 \u015eubat\u2019ta Esenkent Mahallesi&#8217;nde bir berberde meydana geldi.\u00a0 Edinilen bilgilere nazaran; Kazakistanl\u0131 Samat \u0130manbekov, her vakit tra\u015f oldu\u011fu berbere giderek burada \u00e7al\u0131\u015fan Ali Haydar K. ile Adnan B.\u2019yi birlikte yemek yemeye davet etti.<\/p>\n<p><b>RESTORANDAN \u0130\u00c7K\u0130 ALDILAR<\/b><\/p>\n<p>3 arkada\u015f tekrar t\u0131pk\u0131 mahalledeki bir restorana giderek yemek yiyip alkol t\u00fcketti.\u00a0 Yemekten sonra kalkan 3 arkada\u015ftan Samat \u0130manbekov, restorandan daha sonra i\u00e7mek \u00fczere bir \u015fi\u015fe i\u00e7ki sat\u0131n ald\u0131.\u00a0<\/p>\n<p>\u0130manbekov arkada\u015flar\u0131na sonraki g\u00fcn tra\u015f olmak i\u00e7in berbere gelece\u011fini ald\u0131\u011f\u0131 i\u00e7kiyi de burada birlikte i\u00e7ebileceklerini s\u00f6yleyerek ayr\u0131ld\u0131.\u00a0<\/p>\n<p>Ertesi g\u00fcn ak\u015fam saat 21.00\u2019de yan\u0131nda i\u00e7ki \u015fi\u015fesiyle berbere giden \u0130manbekov, tra\u015f olmak istedi. \u0130manbekov bu esnada yan\u0131nda getirdi\u011fi i\u00e7kiden de t\u00fcketmeye ba\u015flad\u0131.\u00a0<\/p>\n<p><b>&#8220;UYKUM GELD\u0130&#8221; DED\u0130, YERE UZANDI<\/b><\/p>\n<p>Bir m\u00fchlet sonra uykusunun geldi\u011fini s\u00f6yleyen \u0130manbekov yere uzand\u0131. Berberde \u00e7al\u0131\u015fan ve bir g\u00fcn evvel \u0130manbekov\u2019la yemek yemeye giden Ali Haydar K. ile Adnan B. adam\u0131 uyand\u0131rmak istedi fakat nefes almad\u0131\u011f\u0131n\u0131 farkettiler. \u00c7al\u0131\u015fanlar bunun \u00fczerine s\u0131hhat ve polis tak\u0131mlar\u0131na bilgi verdi. \u0130hbar \u00fczerine olay yerine gelen s\u0131hhat gruplar\u0131 \u0130manbekov\u2019un hayat\u0131n\u0131 kaybetti\u011fini belirledi. Bunun \u00fczerine berber \u00e7al\u0131\u015fanlar\u0131 Ali Haydar K., Adnan B. s\u00f6zleri i\u00e7in karakola g\u00f6t\u00fcr\u00fcld\u00fc. 2 ki\u015fi tabirlerinin akabinde h\u00fcr b\u0131rak\u0131ld\u0131.\u00a0<\/p>\n","protected":false},"excerpt":{"rendered":"<p>Uydurma i\u00e7ki krizi derinle\u015fiyor. \u0130stanbul&#8217;da uydurma i\u00e7kiden bir ki\u015fi daha \u00f6ld\u00fc. Berberde restorandan getirdi\u011fi i\u00e7kiyi i\u00e7en adam bir daha uyanamad\u0131. Polis \u0130manbekov\u2019un i\u00e7kiyi sat\u0131n ald\u0131\u011f\u0131 restoran\u0131n sahibi Burhan S. tabiri al\u0131nmak \u00fczere polis merkezine g\u00f6t\u00fcr\u00fcld\u00fc.<\/p>\n","protected":false},"author":1,"featured_media":30983,"comment_status":"open","ping_status":"open","sticky":false,"template":"","format":"standard","meta":{"footnotes":""},"categories":[25],"tags":[2471,2282,400],"class_list":["post-30982","post","type-post","status-publish","format-standard","has-post-thumbnail","hentry","category-gundem","tag-berber","tag-icki","tag-yemek"],"_links":{"self":[{"href":"https:\/\/ikimisli.tr\/index.php\/wp-json\/wp\/v2\/posts\/30982","targetHints":{"allow":["GET"]}}],"collection":[{"href":"https:\/\/ikimisli.tr\/index.php\/wp-json\/wp\/v2\/posts"}],"about":[{"href":"https:\/\/ikimisli.tr\/index.php\/wp-json\/wp\/v2\/types\/post"}],"author":[{"embeddable":true,"href":"https:\/\/ikimisli.tr\/index.php\/wp-json\/wp\/v2\/users\/1"}],"replies":[{"embeddable":true,"href":"https:\/\/ikimisli.tr\/index.php\/wp-json\/wp\/v2\/comments?post=30982"}],"version-history":[{"count":1,"href":"https:\/\/ikimisli.tr\/index.php\/wp-json\/wp\/v2\/posts\/30982\/revisions"}],"predecessor-version":[{"id":30984,"href":"https:\/\/ikimisli.tr\/index.php\/wp-json\/wp\/v2\/posts\/30982\/revisions\/30984"}],"wp:featuredmedia":[{"embeddable":true,"href":"https:\/\/ikimisli.tr\/index.php\/wp-json\/wp\/v2\/media\/30983"}],"wp:attachment":[{"href":"https:\/\/ikimisli.tr\/index.php\/wp-json\/wp\/v2\/media?parent=30982"}],"wp:term":[{"taxonomy":"category","embeddable":true,"href":"https:\/\/ikimisli.tr\/index.php\/wp-json\/wp\/v2\/categories?post=30982"},{"taxonomy":"post_tag","embeddable":true,"href":"https:\/\/ikimisli.tr\/index.php\/wp-json\/wp\/v2\/tags?post=30982"}],"curies":[{"name":"wp","href":"https:\/\/api.w.org\/{rel}","templated":true}]}}