{"id":30988,"date":"2025-04-25T08:48:12","date_gmt":"2025-04-25T08:48:12","guid":{"rendered":"https:\/\/ikimisli.tr\/?p=30988"},"modified":"2025-04-25T08:48:12","modified_gmt":"2025-04-25T08:48:12","slug":"miraz-tartismasi-buyuyor-ferdi-tayfurun-kizi-tugce-tayfurdan-yeni-paylasim","status":"publish","type":"post","link":"https:\/\/ikimisli.tr\/index.php\/2025\/04\/25\/miraz-tartismasi-buyuyor-ferdi-tayfurun-kizi-tugce-tayfurdan-yeni-paylasim\/","title":{"rendered":"Miraz tart\u0131\u015fmas\u0131 b\u00fcy\u00fcyor&#8230; Ferdi Tayfur&#8217;un k\u0131z\u0131 Tu\u011f\u00e7e Tayfur&#8217;dan yeni payla\u015f\u0131m"},"content":{"rendered":"<p>2 Ocak&#8217;ta vefat eden arabeskin usta isimlerinden Ferdi Tayfur&#8217;un vasiyetinin a\u00e7\u0131lmas\u0131na ait dava Marmaris&#8217;teki 1&#8217;inci Sulh Hukuk Mahkemesi&#8217;nde ge\u00e7en g\u00fcn g\u00f6r\u00fcld\u00fc.<\/p>\n<p><img decoding=\"async\" src=\"https:\/\/ikimisli.tr\/wp-content\/uploads\/2025\/04\/miraz-tartismasi-buyuyor-ferdi-tayfurun-kizi-tugce-tayfurdan-yeni-paylasim-0-IOpqpJD5.jpeg\"\/><\/p>\n<p><strong>Sanat\u00e7\u0131n\u0131n vasiyetinin bir k\u0131sm\u0131 \u015f\u00f6yle:<\/strong><\/p>\n<p>T\u00fcrk Silahl\u0131 Kuvvetleri&#8217;ne: Bolu&#8217;nun Mudurnu il\u00e7esindeki d\u00f6rt ta\u015f\u0131nmaz<\/p>\n<p>Dar\u00fc\u015f\u015fafaka Cemiyeti&#8217;ne: \u0130stanbul&#8217;un Fatih il\u00e7esindeki ve Mu\u011fla&#8217;n\u0131n Marmaris il\u00e7esindeki ta\u015f\u0131nmaz\u0131<\/p>\n<p>L\u00d6SEV&#8217;e: Yalova&#8217;daki sekiz villa<\/p>\n<p>Di\u011fer ta\u015f\u0131nmazlarsa \u015fu aile fertlerine b\u0131rak\u0131ld\u0131: Ferdi Taha Tayfur, Ula\u015f D\u0131n\u0131z, Derin D\u0131n\u0131z, Zeynep Do\u011frul, Can Do\u011frul, Nefes Lila G\u00f6zal\u0131c\u0131, Sevecen G\u00f6zal\u0131c\u0131, Ferdi Tayfur Turanbayburt, Buse Turanbayburt ve Emirhan Turanbayburt.<\/p>\n<p>Sanat\u00e7\u0131n\u0131n beste, m\u00fczik ve telifli yap\u0131tlar\u0131n\u0131n haklar\u0131 da Nil\u00fcfer Turanbayburt&#8217;a kald\u0131.<\/p>\n<p>Vasiyet okunduktan sonra aile fertlerine itirazlar\u0131 soruldu. Timur Turanbayburt ve Tu\u011f\u00e7e Tayfur Ayd\u0131n&#8217;\u0131n avukat\u0131 Edanur Y\u0131ld\u0131z \u00dclker itiraz etti. Ba\u015fkalar\u0131 ise kabul etti.<\/p>\n<p>Duru\u015fma 29 Nisan&#8217;a ertelendi.<\/p>\n<p><img decoding=\"async\" src=\"https:\/\/ikimisli.tr\/wp-content\/uploads\/2025\/04\/miraz-tartismasi-buyuyor-ferdi-tayfurun-kizi-tugce-tayfurdan-yeni-paylasim-1-WtO7Gw8m.jpeg\"\/><\/p>\n<p>\u0130tiraz eden avukat Edanur Y\u0131ld\u0131z \u00dclker detayl\u0131 a\u00e7\u0131klama yap\u0131laca\u011f\u0131n\u0131 belirterek \u015f\u00f6yle konu\u015ftu:<\/p>\n<p>&#8220;Vasiyetin iptali i\u00e7in de dava a\u00e7t\u0131k. Ayr\u0131yeten di\u011fer dava da a\u00e7aca\u011f\u0131z. Mahfuz pay\u0131n ihlal edilen k\u0131s\u0131mlar\u0131 i\u00e7in ayr\u0131yeten dava a\u00e7aca\u011f\u0131z. Tu\u011f\u00e7e Han\u0131m gebe oldu\u011fundan \u00f6t\u00fcr\u00fc gelemedi. \u0130n\u015fallah bir sonraki celseye gelir.&#8221;<\/p>\n<p><b>&#8220;\u00c7IKAR \u0130L\u0130\u015eK\u0130S\u0130&#8221;<\/b><\/p>\n<p>Ferdi Tayfur&#8217;un hayattayken soyad\u0131n\u0131 ticari gayeli kullanmas\u0131na kar\u015f\u0131 daval\u0131k oldu\u011fu k\u0131z\u0131 Tu\u011f\u00e7e Tayfur da Instagram&#8217;da a\u011fabeyi Timur Turanbayburt ile foto\u011fraf\u0131n\u0131 payla\u015farak, karde\u015flerine ve ye\u011fenlerine \u015fu s\u00f6zlerle reaksiyon g\u00f6sterdi: <\/p>\n<p>&#8220;Kalabal\u0131k g\u00f6z\u00fckenler, az\u0131nl\u0131k g\u00f6z\u00fckenlere kar\u015f\u0131 hakl\u0131 de\u011fildir. Bu b\u00fcsb\u00fct\u00fcn \u00e7\u0131kar ba\u011flant\u0131s\u0131d\u0131r.&#8221;<\/p>\n<p><img decoding=\"async\" src=\"https:\/\/ikimisli.tr\/wp-content\/uploads\/2025\/04\/miraz-tartismasi-buyuyor-ferdi-tayfurun-kizi-tugce-tayfurdan-yeni-paylasim-2-sC5NanCZ.jpg\"\/><\/p>\n<p><b>&#8220;\u00c7OK FAKAT \u00c7OK DO\u011eRU&#8221;<\/b><\/p>\n<p>Ayr\u0131ca babas\u0131n\u0131n mal varl\u0131\u011f\u0131na kayyum atanmas\u0131 i\u00e7in talepte bulunan Tu\u011f\u00e7e Tayfur bug\u00fcn de yeni bir payla\u015f\u0131m yapt\u0131.<\/p>\n<p>Tayfur, &#8220;Bug\u00fcn \u00e7ok de\u011ferli, T\u00fcrkiye&#8217;ye m\u00e2l olmu\u015f bir hukuk profes\u00f6r\u00fc bana \u015f\u00f6yle bir kelam s\u00f6yledi; &#8216;Tu\u011f\u00e7e unutma, azg\u0131nl\u0131k bedel \u00f6detir&#8217;. Bu \u00e7ok ancak \u00e7ok do\u011fru&#8221; tabirlerini kulland\u0131.<\/p>\n<p><img decoding=\"async\" src=\"https:\/\/ikimisli.tr\/wp-content\/uploads\/2025\/04\/miraz-tartismasi-buyuyor-ferdi-tayfurun-kizi-tugce-tayfurdan-yeni-paylasim-3-tzCP1IDd.jpeg\"\/><\/p>\n","protected":false},"excerpt":{"rendered":"<p>Arabesk h\u00fck\u00fcmdar\u0131 Ferdi Tayfur&#8217;un vasiyetinde yer vermedi\u011fi k\u0131z\u0131 Tu\u011f\u00e7e Tayfur toplumsal medya hesab\u0131ndan yeni bir payla\u015f\u0131mda bulundu.<\/p>\n","protected":false},"author":1,"featured_media":30989,"comment_status":"open","ping_status":"open","sticky":false,"template":"","format":"standard","meta":{"footnotes":""},"categories":[27],"tags":[148,448,1178,5211],"class_list":["post-30988","post","type-post","status-publish","format-standard","has-post-thumbnail","hentry","category-magazin","tag-dava","tag-tayfur","tag-tugce","tag-turanbayburt"],"_links":{"self":[{"href":"https:\/\/ikimisli.tr\/index.php\/wp-json\/wp\/v2\/posts\/30988","targetHints":{"allow":["GET"]}}],"collection":[{"href":"https:\/\/ikimisli.tr\/index.php\/wp-json\/wp\/v2\/posts"}],"about":[{"href":"https:\/\/ikimisli.tr\/index.php\/wp-json\/wp\/v2\/types\/post"}],"author":[{"embeddable":true,"href":"https:\/\/ikimisli.tr\/index.php\/wp-json\/wp\/v2\/users\/1"}],"replies":[{"embeddable":true,"href":"https:\/\/ikimisli.tr\/index.php\/wp-json\/wp\/v2\/comments?post=30988"}],"version-history":[{"count":1,"href":"https:\/\/ikimisli.tr\/index.php\/wp-json\/wp\/v2\/posts\/30988\/revisions"}],"predecessor-version":[{"id":30994,"href":"https:\/\/ikimisli.tr\/index.php\/wp-json\/wp\/v2\/posts\/30988\/revisions\/30994"}],"wp:featuredmedia":[{"embeddable":true,"href":"https:\/\/ikimisli.tr\/index.php\/wp-json\/wp\/v2\/media\/30989"}],"wp:attachment":[{"href":"https:\/\/ikimisli.tr\/index.php\/wp-json\/wp\/v2\/media?parent=30988"}],"wp:term":[{"taxonomy":"category","embeddable":true,"href":"https:\/\/ikimisli.tr\/index.php\/wp-json\/wp\/v2\/categories?post=30988"},{"taxonomy":"post_tag","embeddable":true,"href":"https:\/\/ikimisli.tr\/index.php\/wp-json\/wp\/v2\/tags?post=30988"}],"curies":[{"name":"wp","href":"https:\/\/api.w.org\/{rel}","templated":true}]}}