{"id":31024,"date":"2025-04-25T10:24:05","date_gmt":"2025-04-25T10:24:05","guid":{"rendered":"https:\/\/ikimisli.tr\/?p=31024"},"modified":"2025-04-25T10:24:05","modified_gmt":"2025-04-25T10:24:05","slug":"kaybolan-hemsirenin-dicle-nehrinde-cansiz-bedeni-bulundu","status":"publish","type":"post","link":"https:\/\/ikimisli.tr\/index.php\/2025\/04\/25\/kaybolan-hemsirenin-dicle-nehrinde-cansiz-bedeni-bulundu\/","title":{"rendered":"Kaybolan hem\u015firenin Dicle Nehri&#8217;nde cans\u0131z bedeni bulundu"},"content":{"rendered":"<p>\u015e\u0131rnak&#8217;ta kaybolan 26 ya\u015f\u0131ndaki hem\u015fireden ac\u0131 haber geldi. Hem\u015fire Selen Nayc\u0131&#8217;n\u0131n cans\u0131z v\u00fccuduna Dicle Irma\u011f\u0131&#8217;nda bulundu.\u00a0<\/p>\n<p><b>EN SON D\u0130CLE IRMA\u011eI KENARINDA G\u00d6R\u00dcLD\u00dc<\/b><\/p>\n<p>Hem\u015fire Selen Nayc\u0131&#8217;dan haber alamayan yak\u0131nlar\u0131, d\u00fcn durumu 112 Acil Davet Merkezi&#8217;ne bildirdi. Nayc\u0131&#8217;n\u0131n en son Dicle Irma\u011f\u0131 kenar\u0131nda g\u00f6r\u00fclmesi \u00fczerine, \u0131rmak etraf\u0131nda arama yap\u0131ld\u0131. Aramalarda Nayc\u0131&#8217;n\u0131n ferd\u00ee e\u015fyalar\u0131, \u0131rmak kenar\u0131nda bulundu. AFAD ve itfaiye tak\u0131mlar\u0131 bu kere \u0131rmakta arama \u00e7al\u0131\u015fmas\u0131 ba\u015flatt\u0131.<\/p>\n<p><b>CANSIZ V\u00dcCUDU BULUNDU<\/b><\/p>\n<p>\u00c7al\u0131\u015fmalar sonu\u00e7 vermeyince Bitlis Emniyet M\u00fcd\u00fcrl\u00fc\u011f\u00fc Tatvan Deniz \u015eube M\u00fcd\u00fcrl\u00fc\u011f\u00fc tak\u0131mlar\u0131 ve Diyarbak\u0131r AFAD ve Jandarma Sualt\u0131 Savunma (SAS) gruplar\u0131, arama \u00e7al\u0131\u015fmalar\u0131na kat\u0131lmak i\u00e7in il\u00e7eye geldi. Sabah saatlerinde arama \u00e7al\u0131\u015fmalar\u0131 tekrar ba\u015flat\u0131ld\u0131. \u00c7al\u0131\u015fma sonucunda, saat 11.00 s\u0131ralar\u0131nda Selen Nayc\u0131&#8217;n\u0131n Dicle Irma\u011f\u0131&#8217;nda cans\u0131z v\u00fccudu bulundu. Cans\u0131z v\u00fccut otopsi i\u00e7in morga g\u00f6t\u00fcr\u00fcld\u00fc. Olayla ilgili soru\u015fturma ba\u015flat\u0131ld\u0131.<\/p>\n","protected":false},"excerpt":{"rendered":"<p>\u015e\u0131rnak&#8217;\u0131n Cizre il\u00e7esinde kaybolan hem\u015fire Selen Nayc\u0131&#8217;n\u0131n (26), Dicle Irma\u011f\u0131&#8217;nda cans\u0131z v\u00fccudu bulundu.<\/p>\n","protected":false},"author":1,"featured_media":31025,"comment_status":"open","ping_status":"open","sticky":false,"template":"","format":"standard","meta":{"footnotes":""},"categories":[25],"tags":[304,235],"class_list":["post-31024","post","type-post","status-publish","format-standard","has-post-thumbnail","hentry","category-gundem","tag-arama","tag-calisma"],"_links":{"self":[{"href":"https:\/\/ikimisli.tr\/index.php\/wp-json\/wp\/v2\/posts\/31024","targetHints":{"allow":["GET"]}}],"collection":[{"href":"https:\/\/ikimisli.tr\/index.php\/wp-json\/wp\/v2\/posts"}],"about":[{"href":"https:\/\/ikimisli.tr\/index.php\/wp-json\/wp\/v2\/types\/post"}],"author":[{"embeddable":true,"href":"https:\/\/ikimisli.tr\/index.php\/wp-json\/wp\/v2\/users\/1"}],"replies":[{"embeddable":true,"href":"https:\/\/ikimisli.tr\/index.php\/wp-json\/wp\/v2\/comments?post=31024"}],"version-history":[{"count":1,"href":"https:\/\/ikimisli.tr\/index.php\/wp-json\/wp\/v2\/posts\/31024\/revisions"}],"predecessor-version":[{"id":31026,"href":"https:\/\/ikimisli.tr\/index.php\/wp-json\/wp\/v2\/posts\/31024\/revisions\/31026"}],"wp:featuredmedia":[{"embeddable":true,"href":"https:\/\/ikimisli.tr\/index.php\/wp-json\/wp\/v2\/media\/31025"}],"wp:attachment":[{"href":"https:\/\/ikimisli.tr\/index.php\/wp-json\/wp\/v2\/media?parent=31024"}],"wp:term":[{"taxonomy":"category","embeddable":true,"href":"https:\/\/ikimisli.tr\/index.php\/wp-json\/wp\/v2\/categories?post=31024"},{"taxonomy":"post_tag","embeddable":true,"href":"https:\/\/ikimisli.tr\/index.php\/wp-json\/wp\/v2\/tags?post=31024"}],"curies":[{"name":"wp","href":"https:\/\/api.w.org\/{rel}","templated":true}]}}