{"id":31069,"date":"2025-04-25T13:12:11","date_gmt":"2025-04-25T13:12:11","guid":{"rendered":"https:\/\/ikimisli.tr\/?p=31069"},"modified":"2025-04-25T13:12:11","modified_gmt":"2025-04-25T13:12:11","slug":"tayfun-hesaplarini-ele-gecirmeye-calisanlara-isyan-etti","status":"publish","type":"post","link":"https:\/\/ikimisli.tr\/index.php\/2025\/04\/25\/tayfun-hesaplarini-ele-gecirmeye-calisanlara-isyan-etti\/","title":{"rendered":"Tayfun, hesaplar\u0131n\u0131 ele ge\u00e7irmeye \u00e7al\u0131\u015fanlara isyan etti"},"content":{"rendered":"<p>90&#8217;l\u0131 y\u0131llar\u0131n unutulmaz isimlerinden Tayfun Hisli, Instagram hesab\u0131ndan yapt\u0131\u011f\u0131 payla\u015f\u0131mla hesaplar\u0131n\u0131 ele ge\u00e7irmeye \u00e7al\u0131\u015fan bireylere seslendi.<\/p>\n<p><b>&#8220;AHLAKSIZ VE TERB\u0130YES\u0130ZS\u0130N\u0130Z&#8221;<\/b><\/p>\n<p>\u00dcnl\u00fc m\u00fczik\u00e7i, banka ve toplumsal medya hesaplar\u0131 dahil \u00f6zel bilgilerine ula\u015fmaya \u00e7al\u0131\u015fan bireylere \u015fu s\u00f6zlerle isyan etti.<\/p>\n<p>&#8220;1 ayd\u0131r benim toplumsal medya hesaplar\u0131ma, \u00f6zel bilgilerime, mail adresime, banka hesaplar\u0131ma, her \u015feyime ula\u015fmaya \u00e7al\u0131\u015f\u0131yorsunuz. Siz ahlaks\u0131zs\u0131n\u0131z, terbiyesizsiniz. Siz h\u0131rs\u0131zs\u0131n\u0131z.&#8221;<\/p>\n<p>&#8220;Hadi beni ge\u00e7tim, e\u015fimin banka hesaplar\u0131 dahil olmak \u00fczere her \u015feye ula\u015fmaya \u00e7al\u0131\u015f\u0131yorsunuz. Ne yapmaya \u00e7al\u0131\u015ft\u0131\u011f\u0131n\u0131z\u0131 bilmiyorum fakat eninde sonunda sizinle hesapla\u015faca\u011f\u0131z.&#8221;<\/p>\n<p>&#8220;Cumhuriyet savc\u0131ma belgemi verdim. Yak\u0131nda g\u00f6r\u00fc\u015fece\u011fiz sizinle.&#8221;<\/p>\n<p><img decoding=\"async\" src=\"https:\/\/ikimisli.tr\/wp-content\/uploads\/2025\/04\/tayfun-hesaplarini-ele-gecirmeye-calisanlara-isyan-etti-0-gaP4dCar.jpeg\"\/><\/p>\n","protected":false},"excerpt":{"rendered":"<p>90&#8217;l\u0131 y\u0131llar\u0131n efsane isimlerinden Tayfun Hisli, toplumsal medya hesaplar\u0131n\u0131 ele ge\u00e7irmeye \u00e7al\u0131\u015f\u0131p \u00f6zel bilgilerine ve banka hesaplar\u0131na ula\u015fmaya \u00e7al\u0131\u015fan bireylere reaksiyon g\u00f6sterdi.<\/p>\n","protected":false},"author":1,"featured_media":31070,"comment_status":"open","ping_status":"open","sticky":false,"template":"","format":"standard","meta":{"footnotes":""},"categories":[27],"tags":[2534],"class_list":["post-31069","post","type-post","status-publish","format-standard","has-post-thumbnail","hentry","category-magazin","tag-hesaplari"],"_links":{"self":[{"href":"https:\/\/ikimisli.tr\/index.php\/wp-json\/wp\/v2\/posts\/31069","targetHints":{"allow":["GET"]}}],"collection":[{"href":"https:\/\/ikimisli.tr\/index.php\/wp-json\/wp\/v2\/posts"}],"about":[{"href":"https:\/\/ikimisli.tr\/index.php\/wp-json\/wp\/v2\/types\/post"}],"author":[{"embeddable":true,"href":"https:\/\/ikimisli.tr\/index.php\/wp-json\/wp\/v2\/users\/1"}],"replies":[{"embeddable":true,"href":"https:\/\/ikimisli.tr\/index.php\/wp-json\/wp\/v2\/comments?post=31069"}],"version-history":[{"count":1,"href":"https:\/\/ikimisli.tr\/index.php\/wp-json\/wp\/v2\/posts\/31069\/revisions"}],"predecessor-version":[{"id":31072,"href":"https:\/\/ikimisli.tr\/index.php\/wp-json\/wp\/v2\/posts\/31069\/revisions\/31072"}],"wp:featuredmedia":[{"embeddable":true,"href":"https:\/\/ikimisli.tr\/index.php\/wp-json\/wp\/v2\/media\/31070"}],"wp:attachment":[{"href":"https:\/\/ikimisli.tr\/index.php\/wp-json\/wp\/v2\/media?parent=31069"}],"wp:term":[{"taxonomy":"category","embeddable":true,"href":"https:\/\/ikimisli.tr\/index.php\/wp-json\/wp\/v2\/categories?post=31069"},{"taxonomy":"post_tag","embeddable":true,"href":"https:\/\/ikimisli.tr\/index.php\/wp-json\/wp\/v2\/tags?post=31069"}],"curies":[{"name":"wp","href":"https:\/\/api.w.org\/{rel}","templated":true}]}}