{"id":31073,"date":"2025-04-25T13:24:09","date_gmt":"2025-04-25T13:24:09","guid":{"rendered":"https:\/\/ikimisli.tr\/?p=31073"},"modified":"2025-04-25T13:24:09","modified_gmt":"2025-04-25T13:24:09","slug":"dsi-ile-yapilan-su-kullanim-anlasmalarina-iliskin-esaslar-duzenlendi","status":"publish","type":"post","link":"https:\/\/ikimisli.tr\/index.php\/2025\/04\/25\/dsi-ile-yapilan-su-kullanim-anlasmalarina-iliskin-esaslar-duzenlendi\/","title":{"rendered":"DS\u0130 ile yap\u0131lan su kullan\u0131m anla\u015fmalar\u0131na ili\u015fkin esaslar d\u00fczenlendi"},"content":{"rendered":"<p>Tar\u0131m ve Orman Bakanl\u0131\u011f\u0131n\u0131n Elektrik Piyasas\u0131nda \u00dcretim Faaliyetinde Bulunmak \u00dczere Su Kullan\u0131m Hakk\u0131 Mutabakat\u0131 \u0130mzalanmas\u0131na Ait Y\u00f6ntem ve As\u0131llar Hakk\u0131nda Y\u00f6netmelik&#8217;te De\u011fi\u015fiklik Yap\u0131lmas\u0131na Dair Y\u00f6netmelik&#8217;i Resmi Gazete&#8217;de yay\u0131mlanarak y\u00fcr\u00fcrl\u00fc\u011fe girdi.<\/p>\n<p>Y\u00f6netmelik, hidroelektrik g\u00fc\u00e7 \u00fcretim tesisleri kurulmas\u0131, i\u015fletilmesi ve \u00fcretim lisanslar\u0131 i\u00e7in DS\u0130 ile h\u00fckm\u00ee \u015fah\u0131slar ortas\u0131nda d\u00fczenlenecek su kullan\u0131m hakk\u0131 mutabakatlar\u0131na ait y\u00f6ntem ve as\u0131llar\u0131 d\u00fczenliyor.<\/p>\n<p>Buna nazaran, \u015firket taraf\u0131ndan tesisin rastgele bir \u00fcnitesinin k\u0131smi s\u00fcreksiz kabul\u00fc yap\u0131larak i\u015fletmeye al\u0131nmas\u0131na kar\u015f\u0131n DS\u0130 taraf\u0131ndan gecikme ya\u015fanmas\u0131 durumunda kaynak katk\u0131 hissesi, i\u015fletmeye al\u0131nan \u00fcnitelerin kurulu g\u00fc\u00e7 bedeli temel al\u0131narak hesaplanacak. Y\u00f6netimden kaynaklanan sebeplerin ortadan kalkt\u0131\u011f\u0131 y\u0131ldan ba\u015flamak \u00fczere \u00f6denecek hidroelektrik kaynak katk\u0131 pay\u0131 tutarlar\u0131n\u0131n hesab\u0131nda kurulu g\u00fc\u00e7 pahas\u0131 temel al\u0131nacak.<\/p>\n<p>Do\u011fal afet, yang\u0131n, salg\u0131n hastal\u0131k ve sava\u015f \u00fczere zorlayan sebep hallerinde, tesis kurup i\u015fletmek i\u00e7in DS\u0130&#8217;ye m\u00fcracaatta bulunarak su kullan\u0131m hakk\u0131 mutabakat\u0131 imzalam\u0131\u015f yahut imzalamam\u0131\u015f \u015firketlerin, y\u00fck\u00fcml\u00fcl\u00fcklerinin tamam\u0131 yahut bir k\u0131sm\u0131, DS\u0130&#8217;nin uygun bulmas\u0131yla ertelenebilecek yahut ask\u0131ya al\u0131nabilecek.<\/p>\n<p>B\u00fcnyesinde birden fazla m\u00fcstakil kullan\u0131ma elveri\u015fli tesis bulunduran t\u00fcm projeler b\u00f6l\u00fcnerek birden fazla su kullan\u0131m hakk\u0131 muahedesi imzalanabilecek.<\/p>\n<p>Deprem, sel, \u00e7\u0131\u011f, heyelan \u00fczere afet risklerinin tespit edilmesi yahut afet sonras\u0131nda, baraj, reg\u00fclat\u00f6r, santral ve gibisi HES tesislerinde risklerin ortaya \u00e7\u0131kmas\u0131 durumunda \u015firket, DS\u0130 taraf\u0131ndan yaz\u0131l\u0131 olarak verilen talimatlar\u0131 belirtilen m\u00fcddet i\u00e7erisinde yerine getirmek zorunda olacak.<\/p>\n<p>T\u00fczel bireylerin projelerden vazge\u00e7tiklerine ait G\u00fc\u00e7 Piyasas\u0131 D\u00fczenleme Kurumuna yapt\u0131klar\u0131 m\u00fcracaatlar\u0131n Kurum taraf\u0131ndan DS\u0130&#8217;ye bildirilmesi durumunda, \u015firketlerin s\u00fcreksiz teminat mektuplar\u0131, y\u00f6netmeli\u011fin y\u00fcr\u00fcrl\u00fc\u011fe girdi\u011fi tarihi takip eden iki ay i\u00e7erisinde iade edilecek.<\/p>\n","protected":false},"excerpt":{"rendered":"<p>Devlet Su \u0130\u015fleri (DS\u0130) Genel M\u00fcd\u00fcrl\u00fc\u011f\u00fc ile su kullan\u0131m hakk\u0131 mutabakat\u0131 imzalayan g\u00fc\u00e7 \u00fcretim \u015firketlerinin y\u00fck\u00fcml\u00fcl\u00fckleri, do\u011fal afet, yang\u0131n, salg\u0131n hastal\u0131k ve sava\u015f \u00fczere zorlay\u0131c\u0131 sebep hallerinde ask\u0131ya al\u0131nabilecek.<\/p>\n","protected":false},"author":1,"featured_media":31074,"comment_status":"open","ping_status":"open","sticky":false,"template":"","format":"standard","meta":{"footnotes":""},"categories":[25],"tags":[5221,490,3637,1576],"class_list":["post-31073","post","type-post","status-publish","format-standard","has-post-thumbnail","hentry","category-gundem","tag-dsi","tag-hakki","tag-kullanim","tag-tesis"],"_links":{"self":[{"href":"https:\/\/ikimisli.tr\/index.php\/wp-json\/wp\/v2\/posts\/31073","targetHints":{"allow":["GET"]}}],"collection":[{"href":"https:\/\/ikimisli.tr\/index.php\/wp-json\/wp\/v2\/posts"}],"about":[{"href":"https:\/\/ikimisli.tr\/index.php\/wp-json\/wp\/v2\/types\/post"}],"author":[{"embeddable":true,"href":"https:\/\/ikimisli.tr\/index.php\/wp-json\/wp\/v2\/users\/1"}],"replies":[{"embeddable":true,"href":"https:\/\/ikimisli.tr\/index.php\/wp-json\/wp\/v2\/comments?post=31073"}],"version-history":[{"count":1,"href":"https:\/\/ikimisli.tr\/index.php\/wp-json\/wp\/v2\/posts\/31073\/revisions"}],"predecessor-version":[{"id":31075,"href":"https:\/\/ikimisli.tr\/index.php\/wp-json\/wp\/v2\/posts\/31073\/revisions\/31075"}],"wp:featuredmedia":[{"embeddable":true,"href":"https:\/\/ikimisli.tr\/index.php\/wp-json\/wp\/v2\/media\/31074"}],"wp:attachment":[{"href":"https:\/\/ikimisli.tr\/index.php\/wp-json\/wp\/v2\/media?parent=31073"}],"wp:term":[{"taxonomy":"category","embeddable":true,"href":"https:\/\/ikimisli.tr\/index.php\/wp-json\/wp\/v2\/categories?post=31073"},{"taxonomy":"post_tag","embeddable":true,"href":"https:\/\/ikimisli.tr\/index.php\/wp-json\/wp\/v2\/tags?post=31073"}],"curies":[{"name":"wp","href":"https:\/\/api.w.org\/{rel}","templated":true}]}}