{"id":31155,"date":"2025-04-25T18:24:06","date_gmt":"2025-04-25T18:24:06","guid":{"rendered":"https:\/\/ikimisli.tr\/?p=31155"},"modified":"2025-04-25T18:24:06","modified_gmt":"2025-04-25T18:24:06","slug":"kartalkayadaki-yangin-faciasinda-yeni-gelisme","status":"publish","type":"post","link":"https:\/\/ikimisli.tr\/index.php\/2025\/04\/25\/kartalkayadaki-yangin-faciasinda-yeni-gelisme\/","title":{"rendered":"Kartalkaya&#8217;daki yang\u0131n facias\u0131nda yeni geli\u015fme"},"content":{"rendered":"<p>Kartalkaya&#8217;da bulunan Grand Kartal Otel&#8217;de 21 Ocak gecesi \u00e7\u0131kan yang\u0131nda 78 ki\u015fi, hayat\u0131n\u0131 kaybetti.<\/p>\n<p>Soru\u015fturma kapsam\u0131nda g\u00f6zalt\u0131na al\u0131nan 30 \u015fah\u0131stan, ortalar\u0131nda otelin sahibi Halit Erg\u00fcl, genel m\u00fcd\u00fcr\u00fc Emir Aras, itfaiyeden sorumlu Bolu Belediye Lider Yard\u0131mc\u0131s\u0131 Sedat G\u00fclener, Bolu Vilayet \u00d6zel Y\u00f6netimi Genel Sekreteri S\u0131rr\u0131 K\u00f6stereli ve Genel Sekreter Yard\u0131mc\u0131s\u0131 B\u00fcnyamin Bal, \u0130tfaiye M\u00fcd\u00fcr Vekili Kenan Co\u015fkun, otelin gece a\u015f\u00e7\u0131s\u0131 Faysal Yaver&#8217;in de ortalar\u0131nda bulundu\u011fu 21 ku\u015fkulu tutukland\u0131. 9 \u015f\u00fcpheliden 1&#8217;i savc\u0131l\u0131k tabiri sonras\u0131 h\u00fcr b\u0131rak\u0131l\u0131rken; 8&#8217;i isimli denetimle h\u00fcr kald\u0131.<\/p>\n<p>Soru\u015fturma kapsam\u0131nda son olarak otelin g\u00fcnd\u00fcz a\u015f\u00e7\u0131s\u0131 Enver \u00d6zt\u00fcrk, jandarma taraf\u0131ndan g\u00f6zalt\u0131na al\u0131nd\u0131.<\/p>\n<p>\u00d6zt\u00fcrk, jandarmadaki sorgusu sonras\u0131 \u00e7\u0131kar\u0131ld\u0131\u011f\u0131 mahkeme taraf\u0131ndan tutukland\u0131. B\u00f6ylelikle soru\u015fturma kapsam\u0131nda tutuklu say\u0131s\u0131 22&#8217;ye y\u00fckseldi.<\/p>\n","protected":false},"excerpt":{"rendered":"<p>Bolu&#8217;da 78 ki\u015finin hayat\u0131n\u0131 kaybetti\u011fi otel yang\u0131n\u0131na ait soru\u015fturmada, otelin g\u00fcnd\u00fcz a\u015f\u00e7\u0131s\u0131 Enver \u00d6zt\u00fcrk de tutukland\u0131. B\u00f6ylelikle soru\u015fturma kapsam\u0131nda tutuklu say\u0131s\u0131 22 oldu.<\/p>\n","protected":false},"author":1,"featured_media":31156,"comment_status":"open","ping_status":"open","sticky":false,"template":"","format":"standard","meta":{"footnotes":""},"categories":[25],"tags":[],"class_list":["post-31155","post","type-post","status-publish","format-standard","has-post-thumbnail","hentry","category-gundem"],"_links":{"self":[{"href":"https:\/\/ikimisli.tr\/index.php\/wp-json\/wp\/v2\/posts\/31155","targetHints":{"allow":["GET"]}}],"collection":[{"href":"https:\/\/ikimisli.tr\/index.php\/wp-json\/wp\/v2\/posts"}],"about":[{"href":"https:\/\/ikimisli.tr\/index.php\/wp-json\/wp\/v2\/types\/post"}],"author":[{"embeddable":true,"href":"https:\/\/ikimisli.tr\/index.php\/wp-json\/wp\/v2\/users\/1"}],"replies":[{"embeddable":true,"href":"https:\/\/ikimisli.tr\/index.php\/wp-json\/wp\/v2\/comments?post=31155"}],"version-history":[{"count":1,"href":"https:\/\/ikimisli.tr\/index.php\/wp-json\/wp\/v2\/posts\/31155\/revisions"}],"predecessor-version":[{"id":31157,"href":"https:\/\/ikimisli.tr\/index.php\/wp-json\/wp\/v2\/posts\/31155\/revisions\/31157"}],"wp:featuredmedia":[{"embeddable":true,"href":"https:\/\/ikimisli.tr\/index.php\/wp-json\/wp\/v2\/media\/31156"}],"wp:attachment":[{"href":"https:\/\/ikimisli.tr\/index.php\/wp-json\/wp\/v2\/media?parent=31155"}],"wp:term":[{"taxonomy":"category","embeddable":true,"href":"https:\/\/ikimisli.tr\/index.php\/wp-json\/wp\/v2\/categories?post=31155"},{"taxonomy":"post_tag","embeddable":true,"href":"https:\/\/ikimisli.tr\/index.php\/wp-json\/wp\/v2\/tags?post=31155"}],"curies":[{"name":"wp","href":"https:\/\/api.w.org\/{rel}","templated":true}]}}