{"id":31173,"date":"2025-04-25T19:36:07","date_gmt":"2025-04-25T19:36:07","guid":{"rendered":"https:\/\/ikimisli.tr\/?p=31173"},"modified":"2025-04-25T19:36:07","modified_gmt":"2025-04-25T19:36:07","slug":"ekvador-yeni-devlet-baskanini-sececek-anketlerde-iki-aday-one-cikiyor","status":"publish","type":"post","link":"https:\/\/ikimisli.tr\/index.php\/2025\/04\/25\/ekvador-yeni-devlet-baskanini-sececek-anketlerde-iki-aday-one-cikiyor\/","title":{"rendered":"Ekvador yeni devlet ba\u015fkan\u0131n\u0131 se\u00e7ecek: Anketlerde iki aday \u00f6ne \u00e7\u0131k\u0131yor"},"content":{"rendered":"<p>G\u00fcney Amerika \u00fclkesi Ekvador&#8217;da halk, 2025-2029 periyodunda misyon yapacak devlet liderini se\u00e7mek i\u00e7in &#8220;g\u00fcvenlik krizinin ortas\u0131nda&#8221; yar\u0131n sand\u0131k ba\u015f\u0131na gidecek. Yakla\u015f\u0131k 13 milyon kay\u0131tl\u0131 se\u00e7men, birinci t\u0131pta 16 aday ortas\u0131ndan yeni devlet liderini belirlemenin yan\u0131 s\u0131ra devlet lider yard\u0131mc\u0131s\u0131 ve Ulusal Meclis&#8217;e 151 milletvekilini se\u00e7mek i\u00e7in oy kullanacak.<\/p>\n<p>Se\u00e7im sistemine nazaran adaylar\u0131n birinci \u00e7e\u015fitte lider se\u00e7ilebilmesi i\u00e7in ya ge\u00e7erli oylar\u0131n y\u00fczde 50&#8217;sinden fazlas\u0131n\u0131 almas\u0131 ya da en az y\u00fczde 40 oy oran\u0131na ula\u015f\u0131p en yak\u0131n rakibine 10 puan fark atmas\u0131 gerekiyor. Bu ko\u015fullar sa\u011flanmazsa en y\u00fcksek oyu alan iki aday, ikinci \u00e7e\u015fitte yine yar\u0131\u015facak.<\/p>\n<p>Artan \u015fiddet olaylar\u0131 ve ekonomik kriz kaynakl\u0131 protestolar, se\u00e7menlerin \u00f6ncelikli g\u00fcndemini olu\u015fturuyor. \u0130\u015fsizlik, enflasyon ve toplumsal e\u015fitsizlik \u00fczere problemlerin da tercih belirlemede k\u0131ymetli rol oynayaca\u011f\u0131 \u00f6ng\u00f6r\u00fcl\u00fcyor.<\/p>\n<p>\u00dclkede Ekim 2023&#8217;te d\u00fczenlenen devlet ba\u015fkanl\u0131\u011f\u0131 se\u00e7imini s\u00fcrpriz halde kazanan mevcut Devlet Ba\u015fkan\u0131 Daniel Noboa, g\u00f6revi boyunca \u00e7etelerin yol a\u00e7t\u0131\u011f\u0131 \u015fiddet olaylar\u0131, ekonomik kriz kaynakl\u0131 \u015fovlar, inan\u0131lmaz hal ilanlar\u0131 ve g\u00fcnde 14 saate varan elektrik kesintileriyle \u00e7aba etti.<\/p>\n<p><b>GE\u00c7EN AY 700 K\u0130\u015e\u0130 \u00d6LD\u00dcR\u00dcLD\u00dc<\/b><\/p>\n<p>Aral\u0131k 2024&#8217;te d\u00f6rt \u00e7ocu\u011fun askerler taraf\u0131ndan ka\u00e7\u0131r\u0131l\u0131p \u00f6ld\u00fcr\u00fclmesi ve s\u0131rf ocak ay\u0131nda \u00fclkede 700 cinayetin i\u015flenmesi, Noboa h\u00fck\u00fcmetine y\u00f6nelik sert tenkitlere neden oldu.<\/p>\n<p>Ekvador&#8217;un Santa Elena eyaletine ba\u011fl\u0131 Atahualpa ve Ancon Mahallesi&#8217;nde 4 \u015eubat&#8217;ta annesi silahl\u0131 taarruzda \u00f6ld\u00fcr\u00fclen 9 ayl\u0131k bir bebe\u011fin \u0131ss\u0131z bir yolda emeklerken bulunmas\u0131 \u00fclke g\u00fcndemini sarst\u0131.<\/p>\n<p>Sosyal medya kullan\u0131c\u0131lar\u0131 bebe\u011fin ve \u00f6len annenin foto\u011fraf\u0131n\u0131 payla\u015farak Noboa h\u00fck\u00fcmetini sert formda gaye ald\u0131.<\/p>\n<p><b>ANKETLERDE \u0130K\u0130 ADAY \u00d6NE \u00c7IKIYOR<\/b><\/p>\n<p>Se\u00e7imde 16 aday devlet ba\u015fkan\u0131 olmak i\u00e7in yar\u0131\u015fsa da t\u00fcm anketlerde iki aday \u00f6n plana \u00e7\u0131kt\u0131. Se\u00e7menlerin y\u00fczde 35&#8217;inin hala karars\u0131z olmas\u0131, kazanan\u0131n 2. cinse kalaca\u011f\u0131na i\u015faret ediyor.<\/p>\n<p>Cedatos ara\u015ft\u0131rma \u015firketinin 30 Ocak 2025&#8217;te yapt\u0131\u011f\u0131 en son ankete nazaran, Noboa y\u00fczde 48,3, Gonzalez ise y\u00fczde 32 oy oran\u0131na sahip.<\/p>\n<p>Altica ara\u015ft\u0131rmas\u0131n\u0131n anketine nazaran ise Gonzalez&#8217;in y\u00fczde 45,5, Noboa&#8217;n\u0131n y\u00fczde 39,1; Comunicaliza&#8217;n\u0131n anketinde Noboa&#8217;n\u0131n y\u00fczde 47,1, Gonzalez&#8217;in y\u00fczde 39,5; Ipsos \u015firketinin anketinde Noboa&#8217;n\u0131n y\u00fczde 50, Gonzalez&#8217;in y\u00fczde 45; Negocios ve Estrategias \u015firketinin anketine nazaran ise Gonzalez&#8217;in y\u00fczde 45, Noboa&#8217;n\u0131n y\u00fczde 40 oy oran\u0131 bulunuyor.<\/p>\n","protected":false},"excerpt":{"rendered":"<p>Ekvador&#8217;da halk &#8220;g\u00fcvenlik krizinin ortas\u0131nda&#8221; yeni devlet liderini se\u00e7ecek. Anketlerde ise iki aday \u00f6ne \u00e7\u0131k\u0131yor.<\/p>\n","protected":false},"author":1,"featured_media":31174,"comment_status":"open","ping_status":"open","sticky":false,"template":"","format":"standard","meta":{"footnotes":""},"categories":[43],"tags":[58,5234,5233],"class_list":["post-31173","post","type-post","status-publish","format-standard","has-post-thumbnail","hentry","category-dunya","tag-aday","tag-gonzalez","tag-noboa"],"_links":{"self":[{"href":"https:\/\/ikimisli.tr\/index.php\/wp-json\/wp\/v2\/posts\/31173","targetHints":{"allow":["GET"]}}],"collection":[{"href":"https:\/\/ikimisli.tr\/index.php\/wp-json\/wp\/v2\/posts"}],"about":[{"href":"https:\/\/ikimisli.tr\/index.php\/wp-json\/wp\/v2\/types\/post"}],"author":[{"embeddable":true,"href":"https:\/\/ikimisli.tr\/index.php\/wp-json\/wp\/v2\/users\/1"}],"replies":[{"embeddable":true,"href":"https:\/\/ikimisli.tr\/index.php\/wp-json\/wp\/v2\/comments?post=31173"}],"version-history":[{"count":1,"href":"https:\/\/ikimisli.tr\/index.php\/wp-json\/wp\/v2\/posts\/31173\/revisions"}],"predecessor-version":[{"id":31175,"href":"https:\/\/ikimisli.tr\/index.php\/wp-json\/wp\/v2\/posts\/31173\/revisions\/31175"}],"wp:featuredmedia":[{"embeddable":true,"href":"https:\/\/ikimisli.tr\/index.php\/wp-json\/wp\/v2\/media\/31174"}],"wp:attachment":[{"href":"https:\/\/ikimisli.tr\/index.php\/wp-json\/wp\/v2\/media?parent=31173"}],"wp:term":[{"taxonomy":"category","embeddable":true,"href":"https:\/\/ikimisli.tr\/index.php\/wp-json\/wp\/v2\/categories?post=31173"},{"taxonomy":"post_tag","embeddable":true,"href":"https:\/\/ikimisli.tr\/index.php\/wp-json\/wp\/v2\/tags?post=31173"}],"curies":[{"name":"wp","href":"https:\/\/api.w.org\/{rel}","templated":true}]}}