{"id":31292,"date":"2025-04-26T03:12:06","date_gmt":"2025-04-26T03:12:06","guid":{"rendered":"https:\/\/ikimisli.tr\/?p=31292"},"modified":"2025-04-26T03:12:06","modified_gmt":"2025-04-26T03:12:06","slug":"naci-gorur-hataya-kadar-uzaniyor-diyerek-uyardi-o-iller-daha-fazla-zarar-gorecek","status":"publish","type":"post","link":"https:\/\/ikimisli.tr\/index.php\/2025\/04\/26\/naci-gorur-hataya-kadar-uzaniyor-diyerek-uyardi-o-iller-daha-fazla-zarar-gorecek\/","title":{"rendered":"Naci G\u00f6r\u00fcr Hatay&#8217;a kadar uzan\u0131yor diyerek uyard\u0131: O iller daha fazla zarar g\u00f6recek"},"content":{"rendered":"<p>Yer Bilimci Prof. Dr. Naci G\u00f6r\u00fcr, 6 \u015eubat sars\u0131nt\u0131lar\u0131n\u0131n akabinde sars\u0131nt\u0131 diren\u00e7li kentler olu\u015fturmak i\u00e7in al\u0131nmas\u0131 gereken tedbirler hakk\u0131nda k\u0131ymetli a\u00e7\u0131klamalarda bulundu.<\/p>\n<p>\u015eehitkamil Belediye Ba\u015fkanl\u0131\u011f\u0131&#8217;n\u0131n konut sahipli\u011finde ve \u015eehitkamil Kent Kurulu i\u015fbirli\u011fiyle d\u00fczenlenen &#8220;Gaziantep Depremselli\u011fi ve Sars\u0131nt\u0131 Diren\u00e7li Gaziantep&#8221; program\u0131na kat\u0131lan G\u00f6r\u00fcr, sars\u0131nt\u0131lar\u0131n olu\u015fma kademeleri ve Gaziantep&#8217;in 6 \u015eubat sars\u0131nt\u0131lar\u0131ndan nas\u0131l etkilendi\u011fini de ayr\u0131nt\u0131l\u0131 bi\u00e7imde anlatt\u0131.<\/p>\n<p>Prof. Dr. G\u00f6r\u00fcr, Do\u011fu Anadolu Fay\u0131&#8217;n\u0131n, Arap ve Anadolu levhalar\u0131n\u0131n sonu oldu\u011funu ve bu levhalar\u0131n ortas\u0131ndaki hareketlerin zelzele sistemini olu\u015fturdu\u011funu belirtti. &#8220;Arap levhas\u0131 ve Anadolu levhas\u0131 ortas\u0131nda bir hudut var. Bir de Afrika levhas\u0131 var. Bu levha hududu Do\u011fu Anadolu Fay\u0131\u2019d\u0131r. Sars\u0131nt\u0131lar bu levha hareketleriyle olu\u015fur&#8221; diyerek, zelzele olu\u015fumunu g\u00f6rsellerle a\u00e7\u0131klad\u0131.<\/p>\n<p><strong>&#8216;HATAY&#8217;A KADAR UZANIYOR&#8217;<\/strong><\/p>\n<p>G\u00f6r\u00fcr, Gaziantep&#8217;in levha hududuna yak\u0131n oldu\u011funu lakin tam hudutta olmad\u0131\u011f\u0131n\u0131 belirtti. Levha sonuna yak\u0131n olman\u0131n, Gaziantep&#8217;i zelzeleye kar\u015f\u0131 muhakkak \u00f6l\u00e7\u00fcde risk alt\u0131na soktu\u011funu tabir etti. &#8220;Gaziantep, levha sonuna yak\u0131n oldu\u011fu i\u00e7in, 6 \u015eubat sars\u0131nt\u0131lar\u0131ndan etkilenen vilayetlere g\u00f6re daha az ziyan g\u00f6rd\u00fc. Fakat tekrar de kom\u015fu kentlerin faylar\u0131ndan etkilenmi\u015f oluyorsunuz&#8221; dedi. Ayr\u0131yeten, Kahramanmara\u015f merkezli zelzelelerin Bing\u00f6l Karl\u0131ova\u2019dan ba\u015flayarak Hatay\u2019a kadar uzand\u0131\u011f\u0131n\u0131 ve Gaziantep\u2019in levha i\u00e7i faylar\u0131na yak\u0131n oldu\u011fu i\u00e7in bu faylardan etkilendi\u011fini vurgulad\u0131.<\/p>\n<p><strong>&#8216;B\u0130NA YAPMAKLA SARSINTIYA HAZIRLANAMAZSINIZ&#8217;<\/strong><\/p>\n<p>Prof. Dr. G\u00f6r\u00fcr, depreme diren\u00e7li kentler olu\u015fturman\u0131n yaln\u0131zca binalar\u0131 g\u00fc\u00e7lendirmekle m\u00fcmk\u00fcn olmad\u0131\u011f\u0131n\u0131 belirtti. Sars\u0131nt\u0131 sonras\u0131 kente dair altyap\u0131, okul, su, kanalizasyon \u00fczere temel hizmetlerin de d\u00fczg\u00fcn \u00e7al\u0131\u015fmas\u0131n\u0131n k\u0131ymetli oldu\u011funu tabir etti: \u201cEvin sa\u011flam olsa ne olur ki? Bir kentin yaln\u0131zca binas\u0131n\u0131 yapmakla o kenti zelzeleye haz\u0131rlayamazs\u0131n\u0131z. Zelzele sonras\u0131 okul yok, i\u00e7me suyu gitmi\u015f, altyap\u0131 \u00e7\u00f6km\u00fc\u015f, i\u015f d\u00fcnyas\u0131 \u00e7\u00f6k\u00fcnt\u00fcye u\u011fram\u0131\u015fsa sa\u011flam konutun de hi\u00e7bir manas\u0131 yoktur.&#8221;<\/p>\n<p><strong>GAZ\u0130ANTEP&#8217;TE SARSINTI R\u0130SK\u0130<\/strong><\/p>\n<p>Gaziantep&#8217;in ekonomik olarak T\u00fcrkiye&#8217;nin de\u011ferli vilayetlerinden biri oldu\u011funu belirten G\u00f6r\u00fcr, Gaziantep i\u00e7in zelzelenin ekonomik bir felakete yol a\u00e7abilece\u011fine dikkat \u00e7ekti. &#8220;Gaziantep\u2019te zelzele yaln\u0131zca fizik\u00ee de\u011fil, t\u0131pk\u0131 vakitte ekonomik bir felakettir. \u0130ktisad\u0131n\u0131n g\u00fc\u00e7l\u00fc olmas\u0131, Gaziantep\u2019in sars\u0131nt\u0131ya kar\u015f\u0131 s\u00fcratli bir bi\u00e7imde aya\u011fa kalkabilmesini sa\u011flayacakt\u0131r. \u0130\u015f d\u00fcnyas\u0131 zelzeleye ekonomik olarak haz\u0131rlanmazsa, b\u00fcy\u00fck zorluklarla kar\u015f\u0131la\u015f\u0131l\u0131r&#8221; diyerek ekonomik haz\u0131rl\u0131\u011f\u0131n da k\u0131ymetini vurgulad\u0131.<\/p>\n<p>\u015eehitkamil Belediye Ba\u015fkan\u0131 Umut Y\u0131lmaz ise, bilimsel datalar \u0131\u015f\u0131\u011f\u0131nda zelzeleye haz\u0131rl\u0131k i\u00e7in gereken \u00f6nlemleri alacaklar\u0131n\u0131 belirtti. &#8220;Bizim sorumlulu\u011fumuz, sars\u0131nt\u0131 an\u0131 ve sonras\u0131ndaki s\u00fcre\u00e7te vatanda\u015flar\u0131n dertlerine y\u00f6nelik bilimsel tahliller geli\u015ftirmektir. Sars\u0131nt\u0131 sonras\u0131 daha inan\u00e7l\u0131, daha diren\u00e7li bir kent in\u015fa etmek i\u00e7in bilimsel temellere dayal\u0131 planlamalar yap\u0131yoruz&#8221; diyerek belediyenin \u00e7al\u0131\u015fmalar\u0131na de\u011findi.<\/p>\n","protected":false},"excerpt":{"rendered":"<p>Yer Bilimci Prof. Dr. Naci G\u00f6r\u00fcr 6 \u015eubat zelzelelerinin ikinci y\u0131l\u0131nda, \u015eehitkamil Belediyesinin mesken sahipli\u011finde \u015eehitkamil Kent Kurulu i\u015fbirli\u011finde d\u00fczenlenen &#8220;Gaziantep Depremselli\u011fi ve Sars\u0131nt\u0131 Diren\u00e7li Gaziantep&#8221; program\u0131na kat\u0131ld\u0131<\/p>\n","protected":false},"author":1,"featured_media":31293,"comment_status":"open","ping_status":"open","sticky":false,"template":"","format":"standard","meta":{"footnotes":""},"categories":[25],"tags":[285,1498,68,5008,4412],"class_list":["post-31292","post","type-post","status-publish","format-standard","has-post-thumbnail","hentry","category-gundem","tag-deprem","tag-ekonomik","tag-gaziantep","tag-gorur","tag-levha"],"_links":{"self":[{"href":"https:\/\/ikimisli.tr\/index.php\/wp-json\/wp\/v2\/posts\/31292","targetHints":{"allow":["GET"]}}],"collection":[{"href":"https:\/\/ikimisli.tr\/index.php\/wp-json\/wp\/v2\/posts"}],"about":[{"href":"https:\/\/ikimisli.tr\/index.php\/wp-json\/wp\/v2\/types\/post"}],"author":[{"embeddable":true,"href":"https:\/\/ikimisli.tr\/index.php\/wp-json\/wp\/v2\/users\/1"}],"replies":[{"embeddable":true,"href":"https:\/\/ikimisli.tr\/index.php\/wp-json\/wp\/v2\/comments?post=31292"}],"version-history":[{"count":1,"href":"https:\/\/ikimisli.tr\/index.php\/wp-json\/wp\/v2\/posts\/31292\/revisions"}],"predecessor-version":[{"id":31294,"href":"https:\/\/ikimisli.tr\/index.php\/wp-json\/wp\/v2\/posts\/31292\/revisions\/31294"}],"wp:featuredmedia":[{"embeddable":true,"href":"https:\/\/ikimisli.tr\/index.php\/wp-json\/wp\/v2\/media\/31293"}],"wp:attachment":[{"href":"https:\/\/ikimisli.tr\/index.php\/wp-json\/wp\/v2\/media?parent=31292"}],"wp:term":[{"taxonomy":"category","embeddable":true,"href":"https:\/\/ikimisli.tr\/index.php\/wp-json\/wp\/v2\/categories?post=31292"},{"taxonomy":"post_tag","embeddable":true,"href":"https:\/\/ikimisli.tr\/index.php\/wp-json\/wp\/v2\/tags?post=31292"}],"curies":[{"name":"wp","href":"https:\/\/api.w.org\/{rel}","templated":true}]}}