{"id":31374,"date":"2025-04-26T08:36:07","date_gmt":"2025-04-26T08:36:07","guid":{"rendered":"https:\/\/ikimisli.tr\/?p=31374"},"modified":"2025-04-26T08:36:07","modified_gmt":"2025-04-26T08:36:07","slug":"aynasini-kiran-motokuryeyi-ezdi-o-anlar-kamerada","status":"publish","type":"post","link":"https:\/\/ikimisli.tr\/index.php\/2025\/04\/26\/aynasini-kiran-motokuryeyi-ezdi-o-anlar-kamerada\/","title":{"rendered":"Aynas\u0131n\u0131 k\u0131ran motokuryeyi ezdi: O anlar kamerada"},"content":{"rendered":"<p>\u0130stanbul&#8217;un Pendik il\u00e7esinde, motokurye trafikte tart\u0131\u015ft\u0131\u011f\u0131 \u015fof\u00f6r\u00fcn arabas\u0131n\u0131n aynas\u0131n\u0131 k\u0131rd\u0131. \u015eof\u00f6r, arabas\u0131yla motokuryeye \u00e7arpt\u0131. \u00c7arpman\u0131n \u015fiddetiyle savrulan motokurye, park halindeki \u00e7ekiciye \u00e7arparak a\u011f\u0131r yaraland\u0131. O anlar g\u00fcvenlik kameras\u0131na yans\u0131d\u0131.<\/p>\n<p>Olay, saat 16.00 s\u0131ralar\u0131nda \u00c7am\u015fe\u015fme Mahallesi&#8217;nde ya\u015fand\u0131. Teze nazaran, 34 EH 6467 plakal\u0131 araba \u015fof\u00f6r\u00fc V.K ile 34 KYG 127 plakal\u0131 motokurye F.F. ortas\u0131nda trafikte bilinmeyen bir nedenle tart\u0131\u015fma ya\u015fand\u0131. Tart\u0131\u015fman\u0131n b\u00fcy\u00fcmesiyle motokurye, sa\u011f taraf\u0131ndan yana\u015ft\u0131\u011f\u0131 araban\u0131n aynas\u0131n\u0131 k\u0131rd\u0131. Duruma \u00f6fkelenen \u015fof\u00f6r arabas\u0131yla, motokuryeye \u00e7arpt\u0131. \u00c7arpman\u0131n \u015fiddetiyle savrulan motokurye F.F., yol kenar\u0131nda park halinde bulunan \u00e7ekiciye \u00e7arparak alt\u0131na girdi. A\u011f\u0131r yaralanan F.F., etraftakilerin yard\u0131m\u0131yla bulundu\u011fu yerden \u00e7\u0131kar\u0131l\u0131rken ka\u00e7maya \u00e7al\u0131\u015fan \u015fof\u00f6r V.K. ise iki arabaya daha \u00e7arpt\u0131.<\/p>\n<p>Motokurye F.F., ihbar \u00fczerine olay yerine gelen s\u0131hhat tak\u0131mlar\u0131nca ambulansla hastaneye kald\u0131r\u0131l\u0131rken, ka\u00e7maya \u00e7al\u0131\u015fan \u015fof\u00f6r V.K., polis taraf\u0131ndan yakaland\u0131. G\u00f6zalt\u0131na al\u0131nan V.K.&#8217;n\u0131n Pendik \u0130l\u00e7e Emniyet M\u00fcd\u00fcrl\u00fc\u011f\u00fc&#8217;ndeki s\u00fcre\u00e7lerinin s\u00fcrd\u00fc\u011f\u00fc \u00f6\u011frenilirken olayla ilgili soru\u015fturma ba\u015flat\u0131ld\u0131.<\/p>\n<p><b>O ANLAR KAMERADA<\/b><\/p>\n<p>Motokurye F.F. ile araba \u015fof\u00f6r\u00fc V.K. ortas\u0131nda ya\u015fananlar etraftaki g\u00fcvenlik kameras\u0131 taraf\u0131ndan anbean kaydedildi. \u0130mgelerde, Motokuryenin araban\u0131n aynas\u0131n\u0131 k\u0131r\u0131p yoluna devam etti\u011fi, araba \u015fof\u00f6r\u00fcn\u00fcn motokuryeye \u00e7arparak savurdu\u011fu ve \u00e7ekicinin alt\u0131na girerek a\u011f\u0131r yaralanan motokuryenin vatanda\u015flar taraf\u0131nda \u00e7\u0131kar\u0131ld\u0131\u011f\u0131 anlar yer al\u0131yor.<\/p>\n","protected":false},"excerpt":{"rendered":"<p>\u0130stanbul&#8217;da bir motokuryenin trafikte tart\u0131\u015ft\u0131\u011f\u0131 \u015fof\u00f6r\u00fcn arabas\u0131n\u0131n aynas\u0131n\u0131 k\u0131rmas\u0131n\u0131n akabinde araba \u015fof\u00f6r\u00fc, arabas\u0131yla motokuryeyi ezerek a\u011f\u0131r yaralad\u0131.<\/p>\n","protected":false},"author":1,"featured_media":31375,"comment_status":"open","ping_status":"open","sticky":false,"template":"","format":"standard","meta":{"footnotes":""},"categories":[25],"tags":[5252,128,191],"class_list":["post-31374","post","type-post","status-publish","format-standard","has-post-thumbnail","hentry","category-gundem","tag-motokurye","tag-otomobil","tag-surucu"],"_links":{"self":[{"href":"https:\/\/ikimisli.tr\/index.php\/wp-json\/wp\/v2\/posts\/31374","targetHints":{"allow":["GET"]}}],"collection":[{"href":"https:\/\/ikimisli.tr\/index.php\/wp-json\/wp\/v2\/posts"}],"about":[{"href":"https:\/\/ikimisli.tr\/index.php\/wp-json\/wp\/v2\/types\/post"}],"author":[{"embeddable":true,"href":"https:\/\/ikimisli.tr\/index.php\/wp-json\/wp\/v2\/users\/1"}],"replies":[{"embeddable":true,"href":"https:\/\/ikimisli.tr\/index.php\/wp-json\/wp\/v2\/comments?post=31374"}],"version-history":[{"count":1,"href":"https:\/\/ikimisli.tr\/index.php\/wp-json\/wp\/v2\/posts\/31374\/revisions"}],"predecessor-version":[{"id":31376,"href":"https:\/\/ikimisli.tr\/index.php\/wp-json\/wp\/v2\/posts\/31374\/revisions\/31376"}],"wp:featuredmedia":[{"embeddable":true,"href":"https:\/\/ikimisli.tr\/index.php\/wp-json\/wp\/v2\/media\/31375"}],"wp:attachment":[{"href":"https:\/\/ikimisli.tr\/index.php\/wp-json\/wp\/v2\/media?parent=31374"}],"wp:term":[{"taxonomy":"category","embeddable":true,"href":"https:\/\/ikimisli.tr\/index.php\/wp-json\/wp\/v2\/categories?post=31374"},{"taxonomy":"post_tag","embeddable":true,"href":"https:\/\/ikimisli.tr\/index.php\/wp-json\/wp\/v2\/tags?post=31374"}],"curies":[{"name":"wp","href":"https:\/\/api.w.org\/{rel}","templated":true}]}}