{"id":31398,"date":"2025-04-26T10:12:05","date_gmt":"2025-04-26T10:12:05","guid":{"rendered":"https:\/\/ikimisli.tr\/?p=31398"},"modified":"2025-04-26T10:12:05","modified_gmt":"2025-04-26T10:12:05","slug":"bakan-tekinden-ilginc-mulakat-savunmasi","status":"publish","type":"post","link":"https:\/\/ikimisli.tr\/index.php\/2025\/04\/26\/bakan-tekinden-ilginc-mulakat-savunmasi\/","title":{"rendered":"Bakan Tekin&#8217;den ilgin\u00e7 &#8216;m\u00fclakat&#8217; savunmas\u0131"},"content":{"rendered":"<p>Milli E\u011fitim Bakan\u0131 Yusuf Tekin, Vav TV&#8217;de Hasan Basri Karadeniz&#8217;in moderat\u00f6rl\u00fc\u011f\u00fcndeki &#8220;Gen\u00e7lerle Ba\u015f Ba\u015fa&#8221; program\u0131nda sorular\u0131 yan\u0131tlad\u0131.<\/p>\n<p><b>&#8220;KARARLAR DA\u0130MA B\u0130R\u0130LER\u0130 TARAFINDAN ELE\u015eT\u0130R\u0130L\u0130YOR&#8221;<\/b><\/p>\n<p>\u00d6\u011frencilerden birinin e\u011fitim alan\u0131nda yap\u0131lan de\u011fi\u015fiklikleri sormas\u0131 \u00fczerine, e\u011fitimde k\u0131l\u0131 k\u0131rk yararak karar almak gerekti\u011fine dikkati \u00e7eken Tekin, &#8220;Ald\u0131\u011f\u0131n\u0131z karar daima birileri taraf\u0131ndan tenkit konusu olabiliyor, bir k\u0131sm\u0131 tasvip ediyor, bir k\u0131s\u0131m kar\u015f\u0131 \u00e7\u0131k\u0131yor. \u0130ki tane yolumuz var. Bir, yanl\u0131\u015fs\u0131z bildiklerinizi yapacaks\u0131n\u0131z. \u00dclkenin \u00e7ocuklar\u0131n\u0131, gen\u00e7lerini, \u00fclkemizin gelece\u011fini sa\u011flam yeti\u015ftirmek i\u00e7in yanl\u0131\u015fs\u0131z ad\u0131mlar atmak laz\u0131m. \u0130kinci se\u00e7enek, kendi siyasi mesle\u011fimizi d\u00fc\u015f\u00fcn\u00fcp pop\u00fclist ad\u0131mlar atmak. Sizin beni sevece\u011finiz, &#8216;\u00c7ok\u00e7a tatil yap\u0131n, gezin, okul de\u011ferli de\u011fil.&#8217; usul\u00fcnden&#8230; Biz birincisine talip olduk. \u0130nan\u0131n gecemizi g\u00fcnd\u00fcz\u00fcm\u00fcze kat\u0131p sizin i\u00e7in u\u011fra\u015f sarf ediyoruz.&#8221; diye konu\u015ftu.<\/p>\n<p><b>&#8220;YA\u015eADI\u011eIMIZ \u00c7A\u011eDA HAK\u0130KAT DE\u011e\u0130L&#8221;<\/b><\/p>\n<p>Milli E\u011fitim Bakanl\u0131\u011f\u0131n\u0131n de\u011fi\u015fime en s\u00fcratli adapte olmas\u0131 gereken bakanl\u0131k oldu\u011funu anlatan Tekin, \u015funlar\u0131 kaydetti:<\/p>\n<p>&#8220;D\u00fcnyada \u00e7ocuklar art\u0131k bilgiyi edinmekte eza ya\u015fam\u0131yorlar, bilgiye ula\u015fabiliyorlar. Yani \u00e7ocu\u011fa okulda verilen bilgi g\u00fcndelik hayatta h\u00fcnere d\u00f6n\u00fc\u015f\u00fcyor mu, d\u00f6n\u00fc\u015fm\u00fcyor mu? Gereksinim duydu\u011fumuz \u015fey bu. Biz de bunu yapt\u0131k. Art\u0131k bize diyorlar ki &#8216;Niye de\u011fi\u015ftiriyorsunuz?&#8217; Ben de diyorum ki &#8216;Siz bu \u00e7ocuklar\u0131n g\u00fczelli\u011fini mi, k\u00f6t\u00fcl\u00fc\u011f\u00fcn\u00fc m\u00fc d\u00fc\u015f\u00fcn\u00fcyorsunuz?&#8217; Bizim kitaplar\u0131m\u0131z hala \u00e7ocu\u011fa bir tarifi ezberletiyor, bir bilgiyi veriyor. Nerede kullanaca\u011f\u0131n\u0131, ne i\u015fine yarayaca\u011f\u0131n\u0131 s\u00f6ylemeden bunlar\u0131 onlara vermek i\u00e7inde ya\u015fad\u0131\u011f\u0131m\u0131z \u00e7a\u011fda yanl\u0131\u015fs\u0131z de\u011fil.&#8221;<\/p>\n<p><b>M\u0130LL\u0130 E\u011e\u0130T\u0130M AKADEM\u0130S\u0130<\/b><\/p>\n<p>Bir \u00f6\u011frencinin, \u00f6\u011fretmenlerin teknolojiye adaptasyonuyla ilgili soru y\u00f6neltmesi \u00fczerine Bakan Tekin, Milli E\u011fitim Akademisinin ehemmiyetine dikkati \u00e7ekmek gerekti\u011fini belirtti. Bakan Tekin, s\u00f6zlerine \u015f\u00f6yle devam etti:<\/p>\n<p>*Biz &#8216;\u00dcniversiteler bilim insan\u0131 yeti\u015ftirsin.&#8217; dedik. Yeti\u015ftirdi\u011fi \u015fah\u0131slardan &#8216;Ben \u00f6\u011fretmen olmak istiyorum.&#8217; diyen ki\u015fi, Ulusal E\u011fitim Akademisinin imtihan\u0131na girsin, 14 ay boyunca gerek teorik olarak gerekse uygulama olarak staja g\u00f6nderelim.<\/p>\n<p>*Bizde \u015fu anda formasyon dersleri al\u0131rken 90 saat civar\u0131nda uygulama e\u011fitimi al\u0131yorlar lakin bu Bat\u0131 \u00fclkelerinde ortalama 400-500 saat.<\/p>\n<p>*Milli E\u011fitim Akademisiyle diyoruz ki \u00fcniversiteler alan\u0131nda uzman arkada\u015f yeti\u015ftirsinler, bunlar \u00f6\u011fretmen olmak istiyorsa biz onlara bir \u00f6l\u00e7\u00fc teorik ders, bir \u00f6l\u00e7\u00fc da d\u00fcnya ortalamalar\u0131na yak\u0131n, 400-500 saat uygulama yapt\u0131ral\u0131m, ondan sonra \u00e7ocuklar\u0131m\u0131z\u0131n kar\u015f\u0131s\u0131na \u00f6\u011fretmen olarak \u00e7\u0131kartal\u0131m.<\/p>\n<p><b>YABANCI D\u0130L<\/b><\/p>\n<p>\u0130ngilizce e\u011fitiminde g\u00f6sterilen husus ba\u015fl\u0131klar\u0131yla alakal\u0131 bir ekleme ya da de\u011fi\u015fiklik planlan\u0131p planlanmad\u0131\u011f\u0131n\u0131n sorulmas\u0131 \u00fczerine de Tekin, yabanc\u0131 lisan mant\u0131\u011f\u0131nda bir sorun oldu\u011funu s\u00f6z etti.<\/p>\n<p>Tekin, &#8220;\u00c7ocuklar\u0131m\u0131z\u0131n evvel T\u00fcrk\u00e7eyi, ana lisanlar\u0131n\u0131 \u00f6\u011frenmeleri laz\u0131m. \u00c7ok trajikomik. Kendi ana lisan\u0131n\u0131 100 s\u00f6zle konu\u015fan bir \u00e7ocuktan 500 s\u00f6zl\u00fck, 1000 s\u00f6zl\u00fck yabanc\u0131 lisanda konu\u015fmas\u0131n\u0131 beklemeniz m\u00fcmk\u00fcn m\u00fc? \u00c7ocuklar\u0131m\u0131z\u0131n ana lisan h\u00fcnerlerinin geli\u015fmesi, yaln\u0131zca ana lisan a\u00e7\u0131s\u0131ndan de\u011fil, ba\u015fka akademik bran\u015flar i\u00e7in de \u00e7ok de\u011ferli. Art\u0131k gramer de\u011fil, \u00e7ocuklar\u0131m\u0131z\u0131n kendilerini tabir edebilece\u011fi bir yabanc\u0131 lisan bilgisi \u00f6\u011fretmek istiyoruz.&#8221; dedi.<\/p>\n<p><b>YKS&#8217;DE DE\u011e\u0130\u015e\u0130KL\u0130K OLACAK MI?<\/b><\/p>\n<p>Bir \u00f6\u011frencinin YKS ile ilgili de\u011fi\u015fiklik yap\u0131l\u0131p yap\u0131lmayaca\u011f\u0131n\u0131 sorusuna Tekin, \u015f\u00f6yle kar\u015f\u0131l\u0131k verdi:<\/p>\n<p>&#8220;YKS ile ilgili bir de\u011fi\u015fiklik g\u00fcndemimizde yok lakin bu YKS&#8217;deki \u015fu andaki sorular mevcut m\u00fcfredata nazaran. Art\u0131k 9&#8217;uncu s\u0131n\u0131flarda T\u00fcrkiye Y\u00fczy\u0131l\u0131 Maarif Modeli&#8217;yle ba\u015flayan arkada\u015flar\u0131m\u0131z\u0131n sorular\u0131 bu m\u00fcfredata nazaran olacak. Bu m\u00fcfredat yeni, d\u0131\u015far\u0131da, merdiven alt\u0131nda kurs veren, \u00f6\u011fretmen oldu\u011funu iddia eden bir ki\u015fi bunu bilmiyor. Sizi kand\u0131rmas\u0131na m\u00fcsaade etmeyin, neye gereksiniminiz varsa biz okulumuzda veriyoruz. Ders kitaplar\u0131n\u0131 biz yeni yaz\u0131yoruz, adam T\u00fcrkiye Y\u00fczy\u0131l\u0131 Maarif Modeli&#8217;ne g\u00f6re YKS kitab\u0131 yazm\u0131\u015f. Bu kadar sahtekarl\u0131k olmaz, inanmay\u0131n.&#8221;<\/p>\n<p>Bakan Tekin, e\u011fitim s\u00fcreci boyunca veli takviyesinin de\u011ferli oldu\u011funa fakat velilerin \u00f6\u011fretmenlik yapmamalar\u0131 gerekti\u011fine dikkati \u00e7ekti.<\/p>\n<p><b>M\u00dcLAKAT A\u00c7IKLAMASI<\/b><\/p>\n<p>Bir \u00f6b\u00fcr \u00f6\u011frencinin de m\u00fclakatlarla ilgili y\u00f6neltti\u011fi soruya Bakan Tekin, &#8220;36 aydan itibaren \u00e7ocu\u011funuzu emanet etti\u011finiz ki\u015finin m\u00fclakatla al\u0131nmas\u0131 en yanl\u0131\u015fs\u0131z yol. \u00d6\u011fretmenli\u011fi \u00e7ok kutsal ve de\u011ferli bir meslek olarak g\u00f6rd\u00fc\u011f\u00fcm\u00fcz i\u00e7in, en \u00f6nemlimizi emanet etti\u011fimiz ki\u015fi \u00f6\u011fretmen oldu\u011fu i\u00e7in m\u00fclakata devam ettik.&#8221; kar\u015f\u0131l\u0131\u011f\u0131n\u0131 verdi.<\/p>\n<p>&#8220;M\u00fclakatlarda muhtemel torpilin \u00f6n\u00fcne nas\u0131l ge\u00e7ilece\u011finin&#8221; sorulmas\u0131 \u00fczerine Tekin, alacaklar\u0131 aday\u0131n 3 kat\u0131 aday \u00e7a\u011f\u0131rd\u0131klar\u0131n\u0131, bir kod numaras\u0131yla m\u00fclakata gidildi\u011fini, kuruldakilerin ki\u015fi hakk\u0131nda hi\u00e7bir bilgiye sahip olmad\u0131klar\u0131n\u0131 kaydetti.<\/p>\n<p>Bakan Tekin, \u00f6\u011frencilere m\u00fclakattaki her s\u00fcreci, al\u0131nan \u00f6nlemleri s\u0131ras\u0131yla anlatt\u0131. M\u00fclakata kar\u015f\u0131 oldu\u011funu s\u00f6yleyenlere seslenen Tekin, \u015funlar\u0131 lisana getirdi:<\/p>\n<p>&#8220;Siyaset\u00e7ilere de s\u00f6yl\u00fcyorum, kendi partinize \u00e7ayc\u0131 al\u0131yorsunuz, m\u00fclakat yap\u0131yorsunuz. Ben vatanda\u015f\u0131n \u00e7ocu\u011funu emanet edece\u011fim \u00f6\u011fretmen yeti\u015ftirece\u011fim, bana &#8216;M\u00fclakat yapma.&#8217; diyorsunuz, kusura bakmay\u0131n. Benim \u00f6devim, adalete uygun, hak yemeden bir imtihan yapmak ve buna nazaran vatanda\u015f\u0131m\u0131z\u0131n \u00e7ocu\u011funu emanet edebilece\u011fimiz \u00f6\u011fretmenler istihdam etmek. Ben dahil hi\u00e7bir ki\u015fi m\u00fclakatlara m\u00fcdahale edemez.&#8221;<\/p>\n<p>Devams\u0131zl\u0131k aff\u0131 \u00fczere bir durumun kelam konusu olmad\u0131\u011f\u0131n\u0131 kaydeden Tekin, \u00f6\u011frencilerin okula gitmelerini istediklerini belirtti.<\/p>\n<p>Ders saatlerinin uzunlu\u011funa ait y\u00f6neltilen tenkitler konusunda da Tekin, m\u00fcfredat\u0131n i\u00e7eri\u011fini 3&#8217;te 1 oran\u0131nda hafiflettiklerini vurgulayarak, &#8220;T\u00fcrkiye Y\u00fczy\u0131l\u0131 Maarif Modeli yerle\u015fti\u011finde sizin haftal\u0131k y\u00fck\u00fcn\u00fcz hafifleyecek.&#8221; diye konu\u015ftu.<\/p>\n<p>Bakan Tekin, T\u00fcrkiye&#8217;nin e\u011fitimde daima \u00fcstlere hakikat \u00e7\u0131kt\u0131\u011f\u0131n\u0131 kelamlar\u0131na ekledi.<\/p>\n","protected":false},"excerpt":{"rendered":"<p>Milli E\u011fitim Bakan\u0131 Tekin, &#8220;Ben vatanda\u015f\u0131n \u00e7ocu\u011funu emanet edece\u011fim \u00f6\u011fretmen yeti\u015ftirece\u011fim, bana &#8216;M\u00fclakat yapma.&#8217; diyorsunuz, kusura bakmay\u0131n. Benim \u00f6devim, adalete uygun, hak yemeden bir imtihan yapmak ve buna nazaran vatanda\u015f\u0131m\u0131z\u0131n \u00e7ocu\u011funu emanet edebilece\u011fimiz \u00f6\u011fretmenler istihdam etmek. Ben dahil hi\u00e7bir ki\u015fi m\u00fclakatlara m\u00fcdahale edemez&#8221; dedi.<\/p>\n","protected":false},"author":1,"featured_media":31399,"comment_status":"open","ping_status":"open","sticky":false,"template":"","format":"standard","meta":{"footnotes":""},"categories":[23],"tags":[610,5253,2080,425,4885],"class_list":["post-31398","post","type-post","status-publish","format-standard","has-post-thumbnail","hentry","category-egitim","tag-dil","tag-mu","tag-ogretmen","tag-soru","tag-tekin"],"_links":{"self":[{"href":"https:\/\/ikimisli.tr\/index.php\/wp-json\/wp\/v2\/posts\/31398","targetHints":{"allow":["GET"]}}],"collection":[{"href":"https:\/\/ikimisli.tr\/index.php\/wp-json\/wp\/v2\/posts"}],"about":[{"href":"https:\/\/ikimisli.tr\/index.php\/wp-json\/wp\/v2\/types\/post"}],"author":[{"embeddable":true,"href":"https:\/\/ikimisli.tr\/index.php\/wp-json\/wp\/v2\/users\/1"}],"replies":[{"embeddable":true,"href":"https:\/\/ikimisli.tr\/index.php\/wp-json\/wp\/v2\/comments?post=31398"}],"version-history":[{"count":1,"href":"https:\/\/ikimisli.tr\/index.php\/wp-json\/wp\/v2\/posts\/31398\/revisions"}],"predecessor-version":[{"id":31400,"href":"https:\/\/ikimisli.tr\/index.php\/wp-json\/wp\/v2\/posts\/31398\/revisions\/31400"}],"wp:featuredmedia":[{"embeddable":true,"href":"https:\/\/ikimisli.tr\/index.php\/wp-json\/wp\/v2\/media\/31399"}],"wp:attachment":[{"href":"https:\/\/ikimisli.tr\/index.php\/wp-json\/wp\/v2\/media?parent=31398"}],"wp:term":[{"taxonomy":"category","embeddable":true,"href":"https:\/\/ikimisli.tr\/index.php\/wp-json\/wp\/v2\/categories?post=31398"},{"taxonomy":"post_tag","embeddable":true,"href":"https:\/\/ikimisli.tr\/index.php\/wp-json\/wp\/v2\/tags?post=31398"}],"curies":[{"name":"wp","href":"https:\/\/api.w.org\/{rel}","templated":true}]}}