{"id":31430,"date":"2025-04-26T11:48:06","date_gmt":"2025-04-26T11:48:06","guid":{"rendered":"https:\/\/ikimisli.tr\/?p=31430"},"modified":"2025-04-26T11:48:06","modified_gmt":"2025-04-26T11:48:06","slug":"bilal-erdogan-bakan-gibi-konustu","status":"publish","type":"post","link":"https:\/\/ikimisli.tr\/index.php\/2025\/04\/26\/bilal-erdogan-bakan-gibi-konustu\/","title":{"rendered":"Bilal Erdo\u011fan \u2018bakan\u2019 gibi konu\u015ftu"},"content":{"rendered":"<p>Kocaeli\u2019de d\u00fczenlenen \u0130lim Yayma Cemiyeti Ola\u011fan Genel Kurulu\u2019nda konu\u015fan Bilal Erdo\u011fan, T\u00fcrkiye\u2019nin \u0130srail konusunda yaln\u0131z kald\u0131\u011f\u0131n\u0131 ve \u0130slam \u00fclkelerini ortak hareket etmeye ikna edemedi\u011fini vurgulad\u0131.<\/p>\n<p>\u0130srail\u2019e kar\u015f\u0131 ekonomik boykotun t\u00fcm M\u00fcsl\u00fcman \u00fclkeler taraf\u0131ndan e\u015f vakitli uygulanmas\u0131 gerekti\u011fini savunan Erdo\u011fan, T\u00fcrkiye\u2019nin bu ad\u0131m\u0131 atarken b\u00fcy\u00fck bir ekonomik fedakarl\u0131k yapt\u0131\u011f\u0131n\u0131 belirtti.<\/p>\n<p><b>\u201c\u0130slam D\u00fcnyas\u0131 Birlikte Hareket Etseydi \u0130srail Devam Edemezdi\u201d<\/b><\/p>\n<p>Bilal Erdo\u011fan, \u0130slam d\u00fcnyas\u0131n\u0131n \u0130srail\u2019e kar\u015f\u0131 birlik i\u00e7inde hareket etmesi gerekti\u011fini lakin bunun ba\u015far\u0131lamad\u0131\u011f\u0131n\u0131 \u015fu s\u00f6zlerle lisana getirdi:<\/p>\n<p>\u201c55 M\u00fcsl\u00fcman \u00fclke birebir anda t\u0131pk\u0131 ad\u0131mlar\u0131 atsak. Yap\u0131lacak en g\u00fc\u00e7l\u00fc i\u015f o. Yani 55 M\u00fcsl\u00fcman \u00fclke, kimilerinin zati \u0130srail\u2019le ilgisi yok; kimilerini zati \u0130srail\u2019le ticareti yok ancak hepsi birden dese ki \u2018\u0130srail ile ba\u011flar\u0131 kesiyoruz, maslahatg\u00fczar\u0131 varsa onu bile geri g\u00f6nderiyoruz; hi\u00e7bir halde \u00fclkemizde \u0130srail\u2019in diplomatik temsiline m\u00fcsaade vermiyoruz; \u0130srail\u2019e ticareti kesiyoruz.\u2019 Hepsi birebir anda bunlar\u0131 yapsayd\u0131 zati \u0130srail bu i\u015fe devam edemezdi lakin maalesef i\u015fte Arap Birli\u011fi topland\u0131; \u0130slam \u0130\u015fbirli\u011fi Te\u015fkilat\u0131 topland\u0131, toplant\u0131lar yap\u0131ld\u0131. Maalesef T\u00fcrkiye, \u0130slam d\u00fcnyas\u0131n\u0131, bu hususta ortak ad\u0131m atmaya ikna edemedi.\u201d<\/p>\n<p>T\u00fcrkiye\u2019nin, \u0130slam d\u00fcnyas\u0131n\u0131n ortak ad\u0131m atamamas\u0131 nedeniyle yaln\u0131z hareket etti\u011fini belirten Erdo\u011fan, 6 ayl\u0131k bir s\u00fcre\u00e7 sonunda T\u00fcrkiye\u2019nin \u0130srail ile t\u00fcm ticaretini durdurdu\u011funu s\u00f6z etti.<\/p>\n<p><b>\u201c3 Milyar Dolardan Feragat Ettik\u201d<\/b><\/p>\n<p>T\u00fcrkiye\u2019nin \u0130srail ile ticaretinde cari fazla verdi\u011fini lakin t\u00fcm ticareti durdurarak ekonomik manada b\u00fcy\u00fck bir fedakarl\u0131k yapt\u0131\u011f\u0131n\u0131 vurgulayan Bilal Erdo\u011fan, \u015fu s\u00f6zleri kulland\u0131:<\/p>\n<p>\u201cYani ticari olarak, ekonomik olarak, \u0130srail ile ticaretten \u0130srail\u2019e g\u00f6re T\u00fcrkiye\u2019nin menfaati var. Buna kar\u015f\u0131n biz, hani \u015fu anda cari a\u00e7\u0131k konu\u015fuyoruz, \u2018Cari a\u00e7\u0131\u011f\u0131m\u0131z azal\u0131yor\u2019 diyoruz. \u0130srail ile ticareti keselim diye 3 milyar dolar\u0131n \u00fczerinde cari fazlam\u0131zdan feragat ettik. T\u00fcrkiye bunu yapabilir, daha fazlas\u0131n\u0131 yapabilmemiz i\u00e7in daha fazlas\u0131n\u0131 yapmaya muvaf\u0131k bir millet olmam\u0131z da laz\u0131m. T\u00fcrkiye, \u0130srail bu soyk\u0131r\u0131m yapamas\u0131n diye g\u00fc\u00e7l\u00fc ad\u0131mlar ats\u0131n fakat bunun kar\u015f\u0131l\u0131\u011f\u0131nda bunun ceremesi olursa \u00e7ekmeye haz\u0131r bir milleti, toplumu olmas\u0131 da laz\u0131m. T\u00fcrkiye g\u00fczel bir i\u015f i\u00e7in bir ekonomik s\u0131k\u0131 bir darbo\u011faza girecek olsa, \u2018Ya bunu bunun i\u00e7in biz \u00e7ekeriz\u2019 diyecek ne kadar\u0131m\u0131z vard\u0131r sanki? Kendimizi hesaba \u00e7ekelim. Ferdi olarak farkl\u0131 \u00e7ekelim, toplum olarak da ba\u015fka \u00e7ekelim. Biz nas\u0131l bir milletiz.\u201d<\/p>\n","protected":false},"excerpt":{"rendered":"<p>Bilal Erdo\u011fan,  Kocaeli&#8217;nde kat\u0131ld\u0131\u011f\u0131 toplant\u0131da konu\u015furken &#8220;T\u00fcrkiye, \u0130srail ile t\u00fcm ticaretini kesti. \u0130srail ile ticareti keselim diye 3 milyar dolar\u0131n \u00fczerinde cari fazlam\u0131zdan feragat ettik&#8221; dedi.<\/p>\n","protected":false},"author":1,"featured_media":31431,"comment_status":"open","ping_status":"open","sticky":false,"template":"","format":"standard","meta":{"footnotes":""},"categories":[25],"tags":[5136,5257,80,5256,1912],"class_list":["post-31430","post","type-post","status-publish","format-standard","has-post-thumbnail","hentry","category-gundem","tag-adim","tag-islam","tag-israil","tag-ticareti","tag-turkiyenin"],"_links":{"self":[{"href":"https:\/\/ikimisli.tr\/index.php\/wp-json\/wp\/v2\/posts\/31430","targetHints":{"allow":["GET"]}}],"collection":[{"href":"https:\/\/ikimisli.tr\/index.php\/wp-json\/wp\/v2\/posts"}],"about":[{"href":"https:\/\/ikimisli.tr\/index.php\/wp-json\/wp\/v2\/types\/post"}],"author":[{"embeddable":true,"href":"https:\/\/ikimisli.tr\/index.php\/wp-json\/wp\/v2\/users\/1"}],"replies":[{"embeddable":true,"href":"https:\/\/ikimisli.tr\/index.php\/wp-json\/wp\/v2\/comments?post=31430"}],"version-history":[{"count":1,"href":"https:\/\/ikimisli.tr\/index.php\/wp-json\/wp\/v2\/posts\/31430\/revisions"}],"predecessor-version":[{"id":31432,"href":"https:\/\/ikimisli.tr\/index.php\/wp-json\/wp\/v2\/posts\/31430\/revisions\/31432"}],"wp:featuredmedia":[{"embeddable":true,"href":"https:\/\/ikimisli.tr\/index.php\/wp-json\/wp\/v2\/media\/31431"}],"wp:attachment":[{"href":"https:\/\/ikimisli.tr\/index.php\/wp-json\/wp\/v2\/media?parent=31430"}],"wp:term":[{"taxonomy":"category","embeddable":true,"href":"https:\/\/ikimisli.tr\/index.php\/wp-json\/wp\/v2\/categories?post=31430"},{"taxonomy":"post_tag","embeddable":true,"href":"https:\/\/ikimisli.tr\/index.php\/wp-json\/wp\/v2\/tags?post=31430"}],"curies":[{"name":"wp","href":"https:\/\/api.w.org\/{rel}","templated":true}]}}