{"id":31456,"date":"2025-04-26T13:12:07","date_gmt":"2025-04-26T13:12:07","guid":{"rendered":"https:\/\/ikimisli.tr\/?p=31456"},"modified":"2025-04-26T13:12:07","modified_gmt":"2025-04-26T13:12:07","slug":"kopek-katliami-yapmislardi-yeni-goruntulere-ulasildi","status":"publish","type":"post","link":"https:\/\/ikimisli.tr\/index.php\/2025\/04\/26\/kopek-katliami-yapmislardi-yeni-goruntulere-ulasildi\/","title":{"rendered":"K\u00f6pek katliam\u0131 yapm\u0131\u015flard\u0131\u2026 Yeni g\u00f6r\u00fcnt\u00fclere ula\u015f\u0131ld\u0131"},"content":{"rendered":"<p>Erzincan\u2019da belediye taraf\u0131ndan sahipsiz k\u00f6pekler katledildi. Erzincan Belediyesi \u00f6n\u00fcnde toplanan baro temsilciler ve \u00f6m\u00fcr hakk\u0131 savunucular\u0131, Lider Aksun\u2019a veteriner m\u00fcd\u00fcr\u00fc ve ilgili personelleri misyonlar\u0131ndan almalar\u0131 i\u00e7in davet yap\u0131ld\u0131. Belediyeye reaksiyonlar s\u00fcrerken belediye vazifelileri oldu\u011fu ileri s\u00fcr\u00fclen \u015fah\u0131slar taraf\u0131ndan sahipsiz k\u00f6peklerin a\u00e7\u0131lan \u00e7ukurlara\u00a0at\u0131ld\u0131klar\u0131nadair yeni manzaralara ula\u015f\u0131ld\u0131. Manzaralar\u0131n bir vatanda\u015f taraf\u0131ndan 29 Ocak\u2019ta \u00e7ekildi\u011fi \u00f6\u011frenildi.<\/p>\n<p><b><strong>\u201cBU ERZ\u0130NCAN BELED\u0130YES\u0130N\u0130N YAPTI\u011eI B\u0130R\u0130NC\u0130 KATL\u0130AM DE\u011e\u0130L\u201d<\/strong><\/b><\/p>\n<p>Ya\u015fam hakk\u0131 savunucular\u0131 ismine konu\u015fan Ankara Barosu Hayvan Haklar\u0131 Kurulu Lider Yard\u0131mc\u0131s\u0131 Burcu Ya\u011fc\u0131, hayvanlar\u0131n katledildi\u011fine dair manzaralar\u0131n net oldu\u011funu belirterek, bu c\u00fcrm\u00fc i\u015fleyenler hakk\u0131nda s\u00fcre\u00e7 yap\u0131larak cezaland\u0131r\u0131lmas\u0131 gerekti\u011fini s\u00f6yledi.Ya\u011fc\u0131, \u201cBug\u00fcn burada \u015eubat tarihinde bas\u0131na yans\u0131yan imgelerle haberdar oldu\u011fumuz Erzincan Belediyesinin yapt\u0131\u011f\u0131 katliam i\u00e7in topland\u0131k. Hayvanlar\u0131n hayat ismine i\u00e7in topland\u0131k, hayvanlar\u0131n canl\u0131, yar\u0131 canl\u0131 \u00e7ukurlara g\u00f6m\u00fclerek \u00f6ld\u00fcr\u00fclmemesi, katledilmemesi ismine topland\u0131k. Sal\u0131 g\u00fcn\u00fcnden bu yana buraday\u0131z. Gerek adliyede gerekse kurumlarda adalet aray\u0131\u015f\u0131m\u0131z\u0131 hayvanlar\u0131n \u00f6m\u00fcr hakk\u0131n\u0131 savunaca\u011f\u0131m\u0131za dair \u00e7abam\u0131z\u0131 s\u00fcrd\u00fcrmek i\u00e7in bulunuyoruz. Bas\u0131na yans\u0131yan\u00a0 manzaralarda bar\u0131nak ismi alt\u0131ndaki toplama kamp\u0131ndan 7 tane belediye g\u00f6revlisinin meyyit yada yar\u0131 canl\u0131 olarak hayvanlar\u0131 \u00e7\u00f6p kamyonuna y\u00fckledi\u011fi kesintisiz bir \u015fekilde\u00a0 mevt \u00e7ukuruna g\u00f6t\u00fcrd\u00fc\u011f\u00fc ve \u00e7ukura att\u0131\u011f\u0131 hayvanlardan bir adedinin canh\u0131ra\u015f oradan ka\u00e7t\u0131\u011f\u0131 oburunun ise ka\u00e7amayarak toprak alt\u0131nda can verdi\u011fi manzaralar hepimizi \u00e7ok \u00fczd\u00fc ve derinden sarst\u0131. Bu Erzincan belediyesinin yapt\u0131\u011f\u0131 birinci katliam de\u011fil. Hepimiz biliyoruz ne yaz\u0131k ki birinci ba\u015f\u0131ndan beri belediye lider yard\u0131mc\u0131s\u0131, belediye \u00e7al\u0131\u015fan\u0131 bu imajlar\u0131n Erzincan&#8217;a ili\u015fkin olmad\u0131\u011f\u0131n\u0131 s\u00f6yledi. Hepimizin akl\u0131yla oynuyorlar hepimizi kand\u0131rmaya\u00a0 \u00e7al\u0131\u015f\u0131yorlar. Daha sonra bunun meyyit ve canl\u0131 hayvanlar\u0131n bir ortada ta\u015f\u0131nmas\u0131yla ilgili oldu\u011funu s\u00f6yledi. \u015euanda da talebimize kar\u015f\u0131n g\u00fcya soru\u015fturma y\u00fcr\u00fctt\u00fckleri kurumda veteriner i\u015fleri m\u00fcd\u00fcr\u00fc katil personellerin hi\u00e7biri vazifeden al\u0131nmad\u0131. Hayvanlar\u0131n katilleriyle ba\u015f ba\u015fa b\u0131rak\u0131yorlar biz buradan gitti\u011fimizde de t\u0131pk\u0131 \u015fey olacak o y\u00fczden Erzincan belediyesi derhal katil \u00e7al\u0131\u015fan\u0131 misyondan alarak soru\u015fturma yapmak zorunda. Derhal yapt\u0131klar\u0131n\u0131n hesab\u0131n\u0131 vermek zorunda. Kamu vicdan\u0131n en az\u0131ndan bu saatten sonra bunlar\u0131n olmayaca\u011f\u0131 konusunda rahatlamak zorunda\u201d diye konu\u015ftu.<\/p>\n<p><b><strong>\u201cBU KATL\u0130AMIN PE\u015e\u0130N\u0130 BIRAKMAYACA\u011eIZ\u201d<\/strong><\/b><\/p>\n<p>\u2018Biz adliyeye gittik savc\u0131l\u0131\u011fa c\u00fcr\u00fcm duyurumuzu yapt\u0131k\u2019 diyen Ya\u011fc\u0131, \u201cOlayda ne yaz\u0131k ki g\u00f6rg\u00fc \u015fahitlerinin tabirleri var daha makus imgeler oldu\u011fu istikametinde. Canl\u0131 hayvanlar kep\u00e7e ile ezilerek \u00f6ld\u00fcr\u00fcld\u00fc\u011f\u00fc ve bunlar\u0131n uzun m\u00fcddettir devam etti\u011fi istikametinde \u015fahit beyanlar\u0131 var. Bunlar\u0131 s\u00f6yleyen \u00e7al\u0131\u015fanlar ne yaz\u0131k ki evvel tehdit al\u0131yor sonra vazifesinden at\u0131l\u0131yor. Ona da buradan bahad\u0131r a\u00e7\u0131klamalar\u0131 i\u00e7in te\u015fekk\u00fcr ediyoruz. Selam\u0131m\u0131z ve te\u015fekk\u00fcrlerimiz Erdal Gezero\u011flu i\u00e7in birebir vakitte. T\u00fcm T\u00fcrkiye\u2019den gelen hayvan hakk\u0131 savunucular\u0131, hayvan haklar\u0131 merkezi \u00fcyeleri, baro temsilcileri Erzincan halk\u0131 burada \u015fuan. Biz mevzunun sonuna kadar takip\u00e7isi olaca\u011f\u0131z ve bu katliam\u0131n pe\u015fini b\u0131rakmayaca\u011f\u0131z. Bu hayvanlar\u0131n sahipsiz olmad\u0131\u011f\u0131n\u0131 bir sefer daha duyuruyoruz\u201d s\u00f6zlerini kulland\u0131.<\/p>\n","protected":false},"excerpt":{"rendered":"<p>MHP&#8217;li Erzincan Belediyesi taraf\u0131ndan katledilen ve kent merkezinde bulunan \u00e7\u00f6pl\u00fckte \u00e7ukurlar kaz\u0131larak sahipsiz k\u00f6peklerin at\u0131lma anlar\u0131ndaki deh\u015fet verici imgelerin oraya \u00e7\u0131kmas\u0131n\u0131n akabinde belediye \u00e7al\u0131\u015fanlar\u0131 taraf\u0131ndan sokak k\u00f6peklerinin \u00e7ukurlara att\u0131klar\u0131na dair yeni manzaralara ula\u015f\u0131ld\u0131.<\/p>\n","protected":false},"author":1,"featured_media":31457,"comment_status":"open","ping_status":"open","sticky":false,"template":"","format":"standard","meta":{"footnotes":""},"categories":[25],"tags":[497,40,5259,2107,263],"class_list":["post-31456","post","type-post","status-publish","format-standard","has-post-thumbnail","hentry","category-gundem","tag-bas","tag-belediye","tag-canli","tag-goruntuler","tag-hayvan"],"_links":{"self":[{"href":"https:\/\/ikimisli.tr\/index.php\/wp-json\/wp\/v2\/posts\/31456","targetHints":{"allow":["GET"]}}],"collection":[{"href":"https:\/\/ikimisli.tr\/index.php\/wp-json\/wp\/v2\/posts"}],"about":[{"href":"https:\/\/ikimisli.tr\/index.php\/wp-json\/wp\/v2\/types\/post"}],"author":[{"embeddable":true,"href":"https:\/\/ikimisli.tr\/index.php\/wp-json\/wp\/v2\/users\/1"}],"replies":[{"embeddable":true,"href":"https:\/\/ikimisli.tr\/index.php\/wp-json\/wp\/v2\/comments?post=31456"}],"version-history":[{"count":1,"href":"https:\/\/ikimisli.tr\/index.php\/wp-json\/wp\/v2\/posts\/31456\/revisions"}],"predecessor-version":[{"id":31458,"href":"https:\/\/ikimisli.tr\/index.php\/wp-json\/wp\/v2\/posts\/31456\/revisions\/31458"}],"wp:featuredmedia":[{"embeddable":true,"href":"https:\/\/ikimisli.tr\/index.php\/wp-json\/wp\/v2\/media\/31457"}],"wp:attachment":[{"href":"https:\/\/ikimisli.tr\/index.php\/wp-json\/wp\/v2\/media?parent=31456"}],"wp:term":[{"taxonomy":"category","embeddable":true,"href":"https:\/\/ikimisli.tr\/index.php\/wp-json\/wp\/v2\/categories?post=31456"},{"taxonomy":"post_tag","embeddable":true,"href":"https:\/\/ikimisli.tr\/index.php\/wp-json\/wp\/v2\/tags?post=31456"}],"curies":[{"name":"wp","href":"https:\/\/api.w.org\/{rel}","templated":true}]}}