{"id":31544,"date":"2025-04-26T18:00:06","date_gmt":"2025-04-26T18:00:06","guid":{"rendered":"https:\/\/ikimisli.tr\/?p=31544"},"modified":"2025-04-26T18:00:06","modified_gmt":"2025-04-26T18:00:06","slug":"devletin-degil-akpnin-rektorleri-ziyaret-icin-siraya-girdiler","status":"publish","type":"post","link":"https:\/\/ikimisli.tr\/index.php\/2025\/04\/26\/devletin-degil-akpnin-rektorleri-ziyaret-icin-siraya-girdiler\/","title":{"rendered":"Devletin de\u011fil AKP\u2019nin rekt\u00f6rleri! Ziyaret i\u00e7in s\u0131raya girdiler"},"content":{"rendered":"<p>AKP\u2019nin Konya 8. Ola\u011fan Vilayet Kongresi\u2019nde ilba\u015fkanl\u0131\u011f\u0131na se\u00e7ilen Konyaspor Kul\u00fcb\u00fcn\u00fcn eski Ba\u015fkan\u0131 Fatih \u00d6zg\u00f6k\u00e7en siyasi \u00e7al\u0131\u015fmalar\u0131na ba\u015flad\u0131.<\/p>\n<p><b>Z\u0130YARET YARI\u015eINA G\u0130RD\u0130LER<\/b><\/p>\n<p>\u00d6zg\u00f6k\u00e7en\u2019e bir\u00e7ok b\u00fcrokrat\u0131n yan\u0131 s\u0131ra devlet \u00fcniversitelerinin rekt\u00f6rleri de \u2018hay\u0131rl\u0131 olsun\u2019 ziyaretinde bulundu. AKP\u2019li \u00d6zg\u00f6k\u00e7en\u2019e &#8216;hay\u0131rl\u0131 olsun&#8217; ziyaretinde bulunan rekt\u00f6rler ziyaret esnas\u0131nda foto\u011fraf \u00e7ekilmeyi de ihmal etmedi.<\/p>\n<p><b>Z\u0130YARETLER\u0130 TOPLUMSAL MEDYA HESABINDAN PAYLA\u015eTI<\/b><\/p>\n<p>\u00d6zgek\u00e7en\u2019i birinci olarak T\u00fcrkiye\u2019nin esasl\u0131 \u00fcniversitelerinden olan Sel\u00e7uk \u00dcniversitesi\u2019nin Rekt\u00f6r\u00fc Prof. Dr. H\u00fcseyin Y\u0131lmaz ziyaret etti. Ziyarete ait foto\u011fraflar\u0131 toplumsal medya hesab\u0131ndan payla\u015fan AKP\u2019li Lider Fatih \u00d6zg\u00f6k\u00e7en, \u015fu notu d\u00fc\u015ft\u00fc: \u201cYeti\u015ftirdi\u011fi nitelikli bireyler ve ger\u00e7ekle\u015ftirdi\u011fi projelerle kentimiz ve \u00fclkemizin gelece\u011fine taraf veren Sel\u00e7uk \u00dcniversitemizle gurur duyuyoruz. Bug\u00fcn, Sel\u00e7uk \u00dcniversitesi Rekt\u00f6r\u00fc Say\u0131n Prof. Dr. H\u00fcseyin Y\u0131lmaz\u2019\u0131 vilayet ba\u015fkanl\u0131\u011f\u0131m\u0131zda konuk ettik. Nazik ziyaretleri i\u00e7in Say\u0131n Rekt\u00f6r\u00fcm\u00fcze te\u015fekk\u00fcr ediyor, Sel\u00e7uk \u00dcniversitemizin \u00fclkemize ilham veren \u00e7al\u0131\u015fmalar\u0131nda muvaffakiyetler diliyorum\u201d<\/p>\n<p><b>AKP\u2019L\u0130 REKT\u00d6R DE Z\u0130YARET ETT\u0130<\/b><\/p>\n<p>AKP\u2019nin 24. Devir Periyot Konya Milletvekili de olan Necmettin Erbakan \u00dcniversitesi Rekt\u00f6r\u00fc Prof. Dr. Cem Zorlu da AKP\u2019li Fatih \u00d6zg\u00f6k\u00e7en\u2019e \u201chay\u0131rl\u0131 olsun\u201d ziyareti i\u00e7in AKP Vilayet Ba\u015fkanl\u0131k binas\u0131na gitti. Zorlu\u2019nun ziyaretini de toplumsal medya hesab\u0131ndan payla\u015fan \u00d6zg\u00f6k\u00e7en, \u015fu tabirlere yer verdi:<\/p>\n<p>\u201cNecmettin Erbakan \u00dcniversitesi Rekt\u00f6r\u00fc Prof. Dr. Cem Zorlu \u2019yu konuk etmekten b\u00fcy\u00fck memnunluk duydum. De\u011ferli hocam\u0131zla kentimiz, gelece\u011fimiz ve gen\u00e7lerimiz hakk\u0131nda isti\u015farelerde bulunduk. Gen\u00e7lerimizden beklentimiz kendilerini hep geli\u015ftirmeleri, \u00fclkemiz i\u00e7in b\u00fcy\u00fck hayaller kurmalar\u0131 ve bu yolda azimle \u00e7al\u0131\u015fmalar\u0131d\u0131r. Birlikte daha g\u00fc\u00e7l\u00fc bir gelecek in\u015fa edece\u011fiz.\u201d<\/p>\n","protected":false},"excerpt":{"rendered":"<p>Konya\u2019da Sel\u00e7uk \u00dcniversitesi Rekt\u00f6r\u00fc Prof. Dr. H\u00fcseyin Y\u0131lmaz ve Necmettin Erbakan \u00dcniversitesi Rekt\u00f6r\u00fc Prof. Dr. Cem Zorlu, AKP\u2019nin 8. Konya Ola\u011fan Vilayet Kongresi\u2019nde Vilayet Ba\u015fkanl\u0131\u011f\u0131 misyonuna se\u00e7ilen Konyaspor Kul\u00fcb\u00fcn\u00fcn eski Ba\u015fkan\u0131 Fatih \u00d6zg\u00f6k\u00e7en\u2019e \u2018hay\u0131rl\u0131 olsun\u2019 ziyaretinde bulundu. Fatih \u00d6zg\u00f6k\u00e7en, rekt\u00f6rlerin ziyaretini toplumsal medya hesab\u0131ndan payla\u015fmay\u0131 da ihmal etmedi.<\/p>\n","protected":false},"author":1,"featured_media":31545,"comment_status":"open","ping_status":"open","sticky":false,"template":"","format":"standard","meta":{"footnotes":""},"categories":[25],"tags":[61,5268,5269,642],"class_list":["post-31544","post","type-post","status-publish","format-standard","has-post-thumbnail","hentry","category-gundem","tag-akp","tag-ozgokcen","tag-rektoru","tag-ziyaret"],"_links":{"self":[{"href":"https:\/\/ikimisli.tr\/index.php\/wp-json\/wp\/v2\/posts\/31544","targetHints":{"allow":["GET"]}}],"collection":[{"href":"https:\/\/ikimisli.tr\/index.php\/wp-json\/wp\/v2\/posts"}],"about":[{"href":"https:\/\/ikimisli.tr\/index.php\/wp-json\/wp\/v2\/types\/post"}],"author":[{"embeddable":true,"href":"https:\/\/ikimisli.tr\/index.php\/wp-json\/wp\/v2\/users\/1"}],"replies":[{"embeddable":true,"href":"https:\/\/ikimisli.tr\/index.php\/wp-json\/wp\/v2\/comments?post=31544"}],"version-history":[{"count":1,"href":"https:\/\/ikimisli.tr\/index.php\/wp-json\/wp\/v2\/posts\/31544\/revisions"}],"predecessor-version":[{"id":31546,"href":"https:\/\/ikimisli.tr\/index.php\/wp-json\/wp\/v2\/posts\/31544\/revisions\/31546"}],"wp:featuredmedia":[{"embeddable":true,"href":"https:\/\/ikimisli.tr\/index.php\/wp-json\/wp\/v2\/media\/31545"}],"wp:attachment":[{"href":"https:\/\/ikimisli.tr\/index.php\/wp-json\/wp\/v2\/media?parent=31544"}],"wp:term":[{"taxonomy":"category","embeddable":true,"href":"https:\/\/ikimisli.tr\/index.php\/wp-json\/wp\/v2\/categories?post=31544"},{"taxonomy":"post_tag","embeddable":true,"href":"https:\/\/ikimisli.tr\/index.php\/wp-json\/wp\/v2\/tags?post=31544"}],"curies":[{"name":"wp","href":"https:\/\/api.w.org\/{rel}","templated":true}]}}