{"id":31562,"date":"2025-04-26T19:00:10","date_gmt":"2025-04-26T19:00:10","guid":{"rendered":"https:\/\/ikimisli.tr\/?p=31562"},"modified":"2025-04-26T19:00:10","modified_gmt":"2025-04-26T19:00:10","slug":"dunyadan-32-kat-daha-buyuk-galaksi-kesfedildi","status":"publish","type":"post","link":"https:\/\/ikimisli.tr\/index.php\/2025\/04\/26\/dunyadan-32-kat-daha-buyuk-galaksi-kesfedildi\/","title":{"rendered":"D\u00fcnya&#8217;dan 32 kat daha b\u00fcy\u00fck galaksi ke\u015ffedildi"},"content":{"rendered":"<p>Astronomlar, t\u00fcm galaksilerin merkezinde harika k\u00fctleli bir kara delik bulundu\u011funu d\u00fc\u015f\u00fcn\u00fcyor. Bu devasa kara delikler, milyonlarca yahut milyarlarca g\u00fcne\u015f k\u00fctlesine sahip olabilir ve etraflar\u0131ndaki uzay-zaman\u0131 b\u00fckerek b\u00fcy\u00fck g\u00fc\u00e7 patlamalar\u0131na neden olabilir. Kimi kara delikler, etraflar\u0131ndaki gazlar\u0131 yutarak elektromanyetik spektrumun farkl\u0131 b\u00f6lgelerinde b\u00fcy\u00fck \u00f6l\u00e7\u00fcde \u0131\u015f\u0131k yay\u0131yor.<\/p>\n<p>Ancak daha da etkileyici olan, kimi kara deliklerin milyonlarca \u0131\u015f\u0131k y\u0131l\u0131 boyunca uzanan plazma jetleri f\u0131rlatmas\u0131d\u0131r. Bu harika s\u00fcratli par\u00e7ac\u0131k ak\u0131mlar\u0131 radyo frekanslar\u0131nda parlayan bir imaj olu\u015fturur ve bu nedenle bu cins g\u00f6k cisimlerine \u201cradyo galaksileri\u201d ismi verilir.<\/p>\n<p>Inkathazo\u2019nun plazma jetleri 3.3 milyon \u0131\u015f\u0131k y\u0131l\u0131 boyunca uzan\u0131yor ve bu onu bug\u00fcne kadar ke\u015ffedilen en b\u00fcy\u00fck radyo galaksilerinden biri yap\u0131yor. Lakin Inkathazo, \u00f6b\u00fcr dev radyo galaksilerinden farkl\u0131 \u00f6zelliklere sahip.<\/p>\n<p><img decoding=\"async\" src=\"https:\/\/ikimisli.tr\/wp-content\/uploads\/2025\/04\/dunyadan-32-kat-daha-buyuk-galaksi-kesfedildi-0-isIIYYrn.webp\"\/><\/p>\n<p>Galaksi, bir k\u00fcmenin merkezinde yer al\u0131yor. Ekseriyetle bu \u00e7e\u015fit dev radyo galaksileri izole halde bulunur, fakat Inkathazo \u00f6b\u00fcr galaksilerin tam ortas\u0131nda konumlanm\u0131\u015f durumda. Bu da galaksinin nas\u0131l bu kadar b\u00fcy\u00fck hale geldi\u011fi konusunda soru i\u015faretleri yarat\u0131yor.<\/p>\n","protected":false},"excerpt":{"rendered":"<p>G\u00fcney Afrika\u2019daki MeerKAT radyo teleskopu, \u015fimdiye kadar ke\u015ffedilmi\u015f en b\u00fcy\u00fck radyo galaksilerinden birini ortaya \u00e7\u0131kard\u0131. Samanyolu\u2019ndan 32 kat b\u00fcy\u00fck olan bu devasa galaksiye bilim insanlar\u0131 \u201cInkathazo\u201d (Sorun) ismini verdi. Galaksinin fizi\u011fi hala tam olarak anla\u015f\u0131lamad\u0131\u011f\u0131 i\u00e7in ara\u015ft\u0131rmac\u0131lar, bu ke\u015ffi \u201c\u00e7\u00f6z\u00fclmesi s\u0131k\u0131nt\u0131 bir bilmecenin\u201d ba\u015flang\u0131c\u0131 olarak g\u00f6r\u00fcyor.<\/p>\n","protected":false},"author":1,"featured_media":31563,"comment_status":"open","ping_status":"open","sticky":false,"template":"","format":"standard","meta":{"footnotes":""},"categories":[31],"tags":[5271],"class_list":["post-31562","post","type-post","status-publish","format-standard","has-post-thumbnail","hentry","category-teknoloji","tag-radyo"],"_links":{"self":[{"href":"https:\/\/ikimisli.tr\/index.php\/wp-json\/wp\/v2\/posts\/31562","targetHints":{"allow":["GET"]}}],"collection":[{"href":"https:\/\/ikimisli.tr\/index.php\/wp-json\/wp\/v2\/posts"}],"about":[{"href":"https:\/\/ikimisli.tr\/index.php\/wp-json\/wp\/v2\/types\/post"}],"author":[{"embeddable":true,"href":"https:\/\/ikimisli.tr\/index.php\/wp-json\/wp\/v2\/users\/1"}],"replies":[{"embeddable":true,"href":"https:\/\/ikimisli.tr\/index.php\/wp-json\/wp\/v2\/comments?post=31562"}],"version-history":[{"count":1,"href":"https:\/\/ikimisli.tr\/index.php\/wp-json\/wp\/v2\/posts\/31562\/revisions"}],"predecessor-version":[{"id":31565,"href":"https:\/\/ikimisli.tr\/index.php\/wp-json\/wp\/v2\/posts\/31562\/revisions\/31565"}],"wp:featuredmedia":[{"embeddable":true,"href":"https:\/\/ikimisli.tr\/index.php\/wp-json\/wp\/v2\/media\/31563"}],"wp:attachment":[{"href":"https:\/\/ikimisli.tr\/index.php\/wp-json\/wp\/v2\/media?parent=31562"}],"wp:term":[{"taxonomy":"category","embeddable":true,"href":"https:\/\/ikimisli.tr\/index.php\/wp-json\/wp\/v2\/categories?post=31562"},{"taxonomy":"post_tag","embeddable":true,"href":"https:\/\/ikimisli.tr\/index.php\/wp-json\/wp\/v2\/tags?post=31562"}],"curies":[{"name":"wp","href":"https:\/\/api.w.org\/{rel}","templated":true}]}}