{"id":31669,"date":"2025-04-27T00:48:08","date_gmt":"2025-04-27T00:48:08","guid":{"rendered":"https:\/\/ikimisli.tr\/?p=31669"},"modified":"2025-04-27T00:48:08","modified_gmt":"2025-04-27T00:48:08","slug":"gaziosmanpasada-silah-ticareti-operasyonu-12-tabanca-ele-gecirildi","status":"publish","type":"post","link":"https:\/\/ikimisli.tr\/index.php\/2025\/04\/27\/gaziosmanpasada-silah-ticareti-operasyonu-12-tabanca-ele-gecirildi\/","title":{"rendered":"Gaziosmanpa\u015fa\u2019da silah ticareti operasyonu: 12 tabanca ele ge\u00e7irildi"},"content":{"rendered":"<p>\u0130stanbul G\u00fcven Timleri \u015eube M\u00fcd\u00fcrl\u00fc\u011f\u00fc B B\u00f6lge \u0130timat Timleri, il\u00e7e genelinde silah ticareti yapan \u015f\u00fcphelilere y\u00f6nelik \u00e7al\u0131\u015fma ba\u015flatt\u0131. \u00c7al\u0131\u015fmalar kapsam\u0131nda polis, Beyo\u011flu ve Gaziosmanpa\u015fa&#8217;da silah sat\u0131\u015f\u0131 yapan &#8216;Tekirda\u011fl\u0131 Eray&#8217; isimli ki\u015finin bilgilerine ula\u015ft\u0131. Polis \u00e7al\u0131\u015fmalar\u0131nb\u0131 derinle\u015ftirerek \u015f\u00fcphelinin Ka\u011f\u0131thane, Gaziosmanpa\u015fa civarlar\u0131nda olabilece\u011fini tespit etti. \u0130timat timleri taraf\u0131ndan yakalanan Eray P.\u2019nin \u00fcst\u00fcnde ruhsats\u0131z tabanca ele ge\u00e7irildi.<\/p>\n<p><b>12 TABANCA ELE GE\u00c7\u0130R\u0130LD\u0130<\/b><\/p>\n<p>G\u00fcven timleri \u015f\u00fcphelinin Gaziosmanpa\u015fa Karl\u0131tepe Mahallesi\u2019ndeki meskeninde de arama yapt\u0131. Meskende po\u015fetin i\u00e7erisinde 11 adet kurus\u0131k\u0131dan bozma tabanca ve kurus\u0131k\u0131 tabanca ele ge\u00e7irildi. Aramalar\u0131n akabinde silahlara el konulurken, Eray P. ve k\u0131z arkada\u015f\u0131 M\u00fczeyyen P. g\u00f6zalt\u0131na al\u0131nd\u0131. Emniyete g\u00f6t\u00fcr\u00fclen Eray P.\u2018nin poliste 10 hata kayd\u0131 oldu\u011fu ve &#8216;Sahtecilik&#8217; c\u00fcrm\u00fcnden arand\u0131\u011f\u0131 ortaya \u00e7\u0131kt\u0131.<\/p>\n<p><b>TUTUKLANDI<\/b><\/p>\n<p>Emniyette tabiri al\u0131narak isimli s\u00fcre\u00e7leri yap\u0131lan M\u00fczeyyen P., \u00f6zg\u00fcr b\u0131rak\u0131l\u0131rken, Eray P. adliyeye sevk edildi. Eray P. \u00e7\u0131kar\u0131ld\u0131\u011f\u0131 mahkemece &#8216;Silah ticareti yapmak&#8217; c\u00fcrm\u00fcnden tutukland\u0131. \u015e\u00fcphelinin b\u00f6lgede ya\u015fanan yaralama ve cinayet olaylar\u0131nda kullan\u0131lan silahlar\u0131 temin etti\u011fi bilgisine de ula\u015f\u0131ld\u0131.<\/p>\n","protected":false},"excerpt":{"rendered":"<p>Beyo\u011flu ve Gaziosmanpa\u015fa\u2019da silah ticareti yapt\u0131\u011f\u0131 \u00f6\u011frenilen &#8216;Tekirda\u011fl\u0131 Eray&#8217; lakapl\u0131 Eray P. (31), B B\u00f6lge \u0130timat Timleri taraf\u0131ndan yakaland\u0131. Konutunda yap\u0131lan aramada 12 adet tabanca ele ge\u00e7irilen Eray P. polis taraf\u0131ndan k\u0131z arkada\u015f\u0131yla birlikte g\u00f6zalt\u0131na al\u0131nd\u0131. \u015e\u00fcphelinin b\u00f6lgede ya\u015fanan yaralama ve cinayet olaylar\u0131nda kullan\u0131lan silahlar\u0131 temin etti\u011fi ortaya \u00e7\u0131kt\u0131.<\/p>\n","protected":false},"author":1,"featured_media":31670,"comment_status":"open","ping_status":"open","sticky":false,"template":"","format":"standard","meta":{"footnotes":""},"categories":[25],"tags":[84],"class_list":["post-31669","post","type-post","status-publish","format-standard","has-post-thumbnail","hentry","category-gundem","tag-silah"],"_links":{"self":[{"href":"https:\/\/ikimisli.tr\/index.php\/wp-json\/wp\/v2\/posts\/31669","targetHints":{"allow":["GET"]}}],"collection":[{"href":"https:\/\/ikimisli.tr\/index.php\/wp-json\/wp\/v2\/posts"}],"about":[{"href":"https:\/\/ikimisli.tr\/index.php\/wp-json\/wp\/v2\/types\/post"}],"author":[{"embeddable":true,"href":"https:\/\/ikimisli.tr\/index.php\/wp-json\/wp\/v2\/users\/1"}],"replies":[{"embeddable":true,"href":"https:\/\/ikimisli.tr\/index.php\/wp-json\/wp\/v2\/comments?post=31669"}],"version-history":[{"count":1,"href":"https:\/\/ikimisli.tr\/index.php\/wp-json\/wp\/v2\/posts\/31669\/revisions"}],"predecessor-version":[{"id":31671,"href":"https:\/\/ikimisli.tr\/index.php\/wp-json\/wp\/v2\/posts\/31669\/revisions\/31671"}],"wp:featuredmedia":[{"embeddable":true,"href":"https:\/\/ikimisli.tr\/index.php\/wp-json\/wp\/v2\/media\/31670"}],"wp:attachment":[{"href":"https:\/\/ikimisli.tr\/index.php\/wp-json\/wp\/v2\/media?parent=31669"}],"wp:term":[{"taxonomy":"category","embeddable":true,"href":"https:\/\/ikimisli.tr\/index.php\/wp-json\/wp\/v2\/categories?post=31669"},{"taxonomy":"post_tag","embeddable":true,"href":"https:\/\/ikimisli.tr\/index.php\/wp-json\/wp\/v2\/tags?post=31669"}],"curies":[{"name":"wp","href":"https:\/\/api.w.org\/{rel}","templated":true}]}}