{"id":31767,"date":"2025-04-27T07:00:11","date_gmt":"2025-04-27T07:00:11","guid":{"rendered":"https:\/\/ikimisli.tr\/?p=31767"},"modified":"2025-04-27T07:00:11","modified_gmt":"2025-04-27T07:00:11","slug":"deve-yetistiricileri-arasindaki-alacak-kavgasi-can-aldi","status":"publish","type":"post","link":"https:\/\/ikimisli.tr\/index.php\/2025\/04\/27\/deve-yetistiricileri-arasindaki-alacak-kavgasi-can-aldi\/","title":{"rendered":"Deve yeti\u015ftiricileri aras\u0131ndaki alacak kavgas\u0131 can ald\u0131"},"content":{"rendered":"<p>Olay, d\u00fcn saat 23.00 s\u0131ralar\u0131nda Ezine il\u00e7esinde meydana geldi. \u0130l\u00e7ede bug\u00fcn ger\u00e7ekle\u015ftirilecek deve g\u00fcre\u015fleri \u00f6ncesi arkada\u015flar\u0131 ile d\u00fczenlenen c\u00fcmb\u00fc\u015fe kat\u0131lan Kerim \u00d6zdemir, gelen telefon ile arkada\u015flar\u0131n\u0131n yan\u0131ndan ayr\u0131ld\u0131. Kendisinden haber alamayan arkada\u015flar\u0131 merak edip, \u00d6zdemir\u2019i aramaya \u00e7\u0131kt\u0131.\u00a0Kerim \u00d6zdemir, arkada\u015flar\u0131 taraf\u0131ndan kanlar i\u00e7inde bulundu. 112 Acil Davet Merkezi&#8217;ne yap\u0131lan ihbar \u00fczerine b\u00f6lgeye s\u0131hhat tak\u0131m\u0131 sevk edildi. Ambulansla Ezine Devlet Hastanesi&#8217;ne kald\u0131r\u0131lan \u00d6zdemir, tabiplerin t\u00fcm eforuna ra\u011fmen kurtar\u0131lamad\u0131.<\/p>\n<p>Jandarma \u00d6zdemir&#8217;in Ayvac\u0131k il\u00e7esinden gelen, \u00f6b\u00fcr bir deveci Yal\u00e7\u0131n Can \u00d6. taraf\u0131ndan \u00e7\u0131kan tart\u0131\u015fmada \u00f6ld\u00fcr\u00fcld\u00fc\u011f\u00fcn\u00fc belirledi. Yal\u00e7\u0131n Can \u00d6., jandarma taraf\u0131ndan yakalan\u0131p, g\u00f6zalt\u0131na al\u0131nd\u0131. Arbedenin Kerim \u00d6zdemir ve Yal\u00e7\u0131n Can \u00d6.&#8217;n\u00fcn ortas\u0131ndaki deve ticaretinden kalan alacak s\u0131k\u0131nt\u0131s\u0131ndan kaynakland\u0131\u011f\u0131 ileri s\u00fcr\u00fcld\u00fc.<\/p>\n<p>\u00d6te yandan, il\u00e7ede bug\u00fcn yap\u0131lmas\u0131 planlanan deve g\u00fcre\u015fleri iptal edildi.<\/p>\n","protected":false},"excerpt":{"rendered":"<p>\u00c7anakkale\u2019de, 20 ya\u015f\u0131ndaki Yal\u00e7\u0131n Can \u00d6. alacak probleminden \u00e7\u0131kan arbedede kendisi \u00fczere devecilik yapan Kerim \u00d6zdemir\u2019i (29) tabancayla vurarak \u00f6ld\u00fcrd\u00fc.<\/p>\n","protected":false},"author":1,"featured_media":31768,"comment_status":"open","ping_status":"open","sticky":false,"template":"","format":"standard","meta":{"footnotes":""},"categories":[25],"tags":[204],"class_list":["post-31767","post","type-post","status-publish","format-standard","has-post-thumbnail","hentry","category-gundem","tag-ozdemir"],"_links":{"self":[{"href":"https:\/\/ikimisli.tr\/index.php\/wp-json\/wp\/v2\/posts\/31767","targetHints":{"allow":["GET"]}}],"collection":[{"href":"https:\/\/ikimisli.tr\/index.php\/wp-json\/wp\/v2\/posts"}],"about":[{"href":"https:\/\/ikimisli.tr\/index.php\/wp-json\/wp\/v2\/types\/post"}],"author":[{"embeddable":true,"href":"https:\/\/ikimisli.tr\/index.php\/wp-json\/wp\/v2\/users\/1"}],"replies":[{"embeddable":true,"href":"https:\/\/ikimisli.tr\/index.php\/wp-json\/wp\/v2\/comments?post=31767"}],"version-history":[{"count":1,"href":"https:\/\/ikimisli.tr\/index.php\/wp-json\/wp\/v2\/posts\/31767\/revisions"}],"predecessor-version":[{"id":31769,"href":"https:\/\/ikimisli.tr\/index.php\/wp-json\/wp\/v2\/posts\/31767\/revisions\/31769"}],"wp:featuredmedia":[{"embeddable":true,"href":"https:\/\/ikimisli.tr\/index.php\/wp-json\/wp\/v2\/media\/31768"}],"wp:attachment":[{"href":"https:\/\/ikimisli.tr\/index.php\/wp-json\/wp\/v2\/media?parent=31767"}],"wp:term":[{"taxonomy":"category","embeddable":true,"href":"https:\/\/ikimisli.tr\/index.php\/wp-json\/wp\/v2\/categories?post=31767"},{"taxonomy":"post_tag","embeddable":true,"href":"https:\/\/ikimisli.tr\/index.php\/wp-json\/wp\/v2\/tags?post=31767"}],"curies":[{"name":"wp","href":"https:\/\/api.w.org\/{rel}","templated":true}]}}