{"id":31776,"date":"2025-04-27T07:36:18","date_gmt":"2025-04-27T07:36:18","guid":{"rendered":"https:\/\/ikimisli.tr\/?p=31776"},"modified":"2025-04-27T07:36:18","modified_gmt":"2025-04-27T07:36:18","slug":"adiyaman-usak-osmaniye-karabukteki-o-koyler-doldu-tasti-iste-nedeni","status":"publish","type":"post","link":"https:\/\/ikimisli.tr\/index.php\/2025\/04\/27\/adiyaman-usak-osmaniye-karabukteki-o-koyler-doldu-tasti-iste-nedeni\/","title":{"rendered":"Ad\u0131yaman, U\u015fak, Osmaniye, Karab\u00fck&#8217;teki o k\u00f6yler doldu ta\u015ft\u0131: \u0130\u015fte nedeni"},"content":{"rendered":"<p>T\u00fcrkiye \u0130statistik Kurumu&#8217;nun (T\u00dc\u0130K) yay\u0131nlad\u0131\u011f\u0131 datalara nazaran, 5 k\u00f6yde sadece bir ki\u015fi kal\u0131yor. T\u00fcrkiye&#8217;nin en kalabal\u0131k k\u00f6y\u00fc ise Ad\u0131yaman&#8217;dan \u00e7\u0131kt\u0131. \u0130\u015fte n\u00fcfusu en az ve en \u00e7ok olan k\u00f6yler<\/p>\n<p><b>5 K\u00d6Y\u00dcN N\u00dcFUSU 1 \u015eAHISTAN OLU\u015eUYOR<\/b><\/p>\n<p>Yap\u0131lan ara\u015ft\u0131rmalara do\u011frultusundan ge\u00e7en y\u0131l belde ve k\u00f6ylerde ya\u015fayanlar\u0131n oran\u0131 6,6 olarak belirlendi. 5 k\u00f6yde yaln\u0131zca 1 ki\u015fi ikamet ederken, n\u00fcfusun en y\u00fcksek oldu\u011fu k\u00f6y ise Ad\u0131yaman oldu.<\/p>\n<p>\u00dclke n\u00fcfusu ge\u00e7en y\u0131l 292 bin 567 ki\u015fi artarak 85 milyon 664 bin 944 \u015fahsa ula\u015ft\u0131. Vilayet ve il\u00e7elerde ya\u015fayanlar\u0131n say\u0131s\u0131 80 milyon 7 bin 258 ki\u015fi oldu. \u00dclkedeki toplam n\u00fcfusun y\u00fczde 93,4&#8217;\u00fcn\u00fc olu\u015fturanla vilayet ve il\u00e7elerde ya\u015farken geri kalan\u0131 ise belde ve k\u00f6ylerde ya\u015fayanlar olarak belirlendi. K\u00f6y ve beldelerde ya\u015fayanlar\u0131n say\u0131s\u0131 ge\u00e7en y\u0131la oranlara 5 milyon 557 bin 686 ki\u015fi oldu.\u00a0<\/p>\n<p><img decoding=\"async\" src=\"https:\/\/ikimisli.tr\/wp-content\/uploads\/2025\/04\/adiyaman-usak-osmaniye-karabukteki-o-koyler-doldu-tasti-iste-nedeni-0-6tO65Fx9.png\"\/><\/p>\n<p>\u0130statistiklere nazaran, 10 ya da daha az ki\u015finin ikamet etti\u011fi k\u00f6y say\u0131s\u0131 57 olarak tespit edildi. 1000 ya da daha fazla n\u00fcfusa sahip k\u00f6y say\u0131s\u0131 ise 480 olarak kay\u0131tlara ge\u00e7ti.\u00a0<\/p>\n<p><b>4 K\u00d6YDE \u0130SE N\u00dcFUS ORANI Y\u00dcKSEK<\/b><\/p>\n<p>En fazla n\u00fcfusa sahip olan k\u00f6ylerin ba\u015f\u0131nda Ad\u0131yaman&#8217;\u0131n Ta\u015fp\u0131nar k\u00f6y\u00fc oldu. Burada 7 bin 2 ki\u015fiyi ya\u015f\u0131yor. \u00d6b\u00fcr bir k\u00f6y ise 6 bin 144 ki\u015finin ya\u015fad\u0131\u011f\u0131 k\u00f6y \u0130pekli. Bu k\u00f6yde Ad\u0131yaman&#8217;da bulunuyor.\u00a0 N\u00fcfusu en fazla olan 3. k\u00f6y ise Osmaniye&#8217;nin Dereobas\u0131 k\u00f6y\u00fc. Bu k\u00f6yde 5 bin 766 ki\u015fi ya\u015farken, U\u015fak&#8217;\u0131n Mende k\u00f6y\u00fcnde 6 bin 722 ki\u015fi ikamet ediyor. Karab\u00fck&#8217;\u00fcn Safranbolu il\u00e7esine ba\u011fl\u0131 Bostanb\u00fck\u00fc k\u00f6y\u00fc ise 6. s\u0131rada yer al\u0131yor.<\/p>\n<p><img decoding=\"async\" src=\"https:\/\/ikimisli.tr\/wp-content\/uploads\/2025\/04\/adiyaman-usak-osmaniye-karabukteki-o-koyler-doldu-tasti-iste-nedeni-1-3BDfqPiL.png\"\/><\/p>\n<p>Bing\u00f6l&#8217;de bulunan Maltepe k\u00f6y\u00fc iki ve K\u00fctahya&#8217;n\u0131n Kalfalar k\u00f6y\u00fc de \u00fc\u00e7 ki\u015filik n\u00fcfusuyla dikkat \u00e7eken k\u00f6yler ortas\u0131nda. Hakkari&#8217;nin Y\u00fcksekova il\u00e7esindeki Dilekli ile Bing\u00f6l&#8217;\u00fcn Yedisu il\u00e7esindeki Ak\u0131ml\u0131 k\u00f6yleri 4&#8217;er, \u015e\u0131rnak&#8217;\u0131n merkez il\u00e7esindeki Kemerli ve Cevizd\u00fcz\u00fc k\u00f6yleri, Siirt&#8217;in Eruh il\u00e7esindeki Narl\u0131dere ve Erzincan&#8217;\u0131n Tercan il\u00e7esindeki Topalhasan k\u00f6yleri de 5&#8217;er ki\u015finin ya\u015fad\u0131\u011f\u0131 yerler olarak kay\u0131tlara ge\u00e7ti.<\/p>\n","protected":false},"excerpt":{"rendered":"<p>T\u00dc\u0130K bilgilerine nazaran, T\u00fcrkiye&#8217;de bulunan 5 k\u00f6yde yaln\u0131zca birer ki\u015fi ya\u015farken, kimi k\u00f6ylerin n\u00fcfusu ise g\u00fcn ge\u00e7tik\u00e7e art\u0131yor.<\/p>\n","protected":false},"author":1,"featured_media":31777,"comment_status":"open","ping_status":"open","sticky":false,"template":"","format":"standard","meta":{"footnotes":""},"categories":[25],"tags":[887,5301,5300,3804,5185],"class_list":["post-31776","post","type-post","status-publish","format-standard","has-post-thumbnail","hentry","category-gundem","tag-koy","tag-koyde","tag-koyler","tag-koyu","tag-nufusu"],"_links":{"self":[{"href":"https:\/\/ikimisli.tr\/index.php\/wp-json\/wp\/v2\/posts\/31776","targetHints":{"allow":["GET"]}}],"collection":[{"href":"https:\/\/ikimisli.tr\/index.php\/wp-json\/wp\/v2\/posts"}],"about":[{"href":"https:\/\/ikimisli.tr\/index.php\/wp-json\/wp\/v2\/types\/post"}],"author":[{"embeddable":true,"href":"https:\/\/ikimisli.tr\/index.php\/wp-json\/wp\/v2\/users\/1"}],"replies":[{"embeddable":true,"href":"https:\/\/ikimisli.tr\/index.php\/wp-json\/wp\/v2\/comments?post=31776"}],"version-history":[{"count":1,"href":"https:\/\/ikimisli.tr\/index.php\/wp-json\/wp\/v2\/posts\/31776\/revisions"}],"predecessor-version":[{"id":31780,"href":"https:\/\/ikimisli.tr\/index.php\/wp-json\/wp\/v2\/posts\/31776\/revisions\/31780"}],"wp:featuredmedia":[{"embeddable":true,"href":"https:\/\/ikimisli.tr\/index.php\/wp-json\/wp\/v2\/media\/31777"}],"wp:attachment":[{"href":"https:\/\/ikimisli.tr\/index.php\/wp-json\/wp\/v2\/media?parent=31776"}],"wp:term":[{"taxonomy":"category","embeddable":true,"href":"https:\/\/ikimisli.tr\/index.php\/wp-json\/wp\/v2\/categories?post=31776"},{"taxonomy":"post_tag","embeddable":true,"href":"https:\/\/ikimisli.tr\/index.php\/wp-json\/wp\/v2\/tags?post=31776"}],"curies":[{"name":"wp","href":"https:\/\/api.w.org\/{rel}","templated":true}]}}