{"id":31784,"date":"2025-04-27T08:00:05","date_gmt":"2025-04-27T08:00:05","guid":{"rendered":"https:\/\/ikimisli.tr\/?p=31784"},"modified":"2025-04-27T08:00:05","modified_gmt":"2025-04-27T08:00:05","slug":"suudi-arabistan-netanyahunun-planini-sert-bir-dille-reddetti","status":"publish","type":"post","link":"https:\/\/ikimisli.tr\/index.php\/2025\/04\/27\/suudi-arabistan-netanyahunun-planini-sert-bir-dille-reddetti\/","title":{"rendered":"Suudi Arabistan, Netanyahu&#8217;nun plan\u0131n\u0131 sert bir dille reddetti"},"content":{"rendered":"<p>Suudi Arabistan, \u0130srail Ba\u015fbakan\u0131 Binyamin Netanyahu\u2019nun Filistinlilerin topraklar\u0131ndan \u00e7\u0131kar\u0131lmas\u0131na y\u00f6nelik a\u00e7\u0131klamalar\u0131n\u0131 kesin bir lisanla reddetti\u011fini duyurdu.<\/p>\n<p>D\u0131\u015fi\u015fleri Bakanl\u0131\u011f\u0131 taraf\u0131ndan Pazar g\u00fcn\u00fc yay\u0131mlanan a\u00e7\u0131klamada, bu cins telaffuzlar\u0131n kabul edilemez oldu\u011fu ve Suudi Arabistan\u2019\u0131n Filistin halk\u0131n\u0131n topraklar\u0131 \u00fczerindeki tarih\u00ee ve hukuksal haklar\u0131n\u0131 desteklemeye devam edece\u011fi vurguland\u0131.<\/p>\n<p><b>H\u0130\u00c7B\u0130R \u00dcLKE KABUL ETMED\u0130<\/b><\/p>\n<p>Netanyahu, Per\u015fembe g\u00fcn\u00fc kat\u0131ld\u0131\u011f\u0131 bir programda, sunucunun Filistin devleti yerine kazara &#8220;Suudi devleti&#8221; s\u00f6z\u00fcn\u00fc kullanmas\u0131 \u00fczerine bu tabire g\u00fclerek kar\u015f\u0131l\u0131k vermi\u015fti. Netanyahu daha sonra Suudi Arabistan&#8217;da &#8216;bir Filistin Devleti&#8217; kurulabilece\u011fini \u00f6nerdi<\/p>\n<p>\u0130srailli yetkililer, Suudi Arabistan topraklar\u0131nda bir Filistin devleti kurulmas\u0131 fikrini daha evvel de lisana getirmi\u015fti. Suudi a\u00e7\u0131klamas\u0131nda Netanyahu\u2019nun ismi ge\u00e7erken, direkt bu teklife at\u0131fta bulunulmad\u0131.<\/p>\n<p>M\u0131s\u0131r ve \u00dcrd\u00fcn de bu \u00f6neriyi k\u0131nad\u0131. Kahire idaresi, bu t\u00fcrl\u00fc bir fikrin &#8220;Suudi egemenli\u011fine direkt bir m\u00fcdahale&#8221; manas\u0131na geldi\u011fini belirtti.<\/p>\n<p>A\u00e7\u0131klamada, Suudi Arabistan\u2019\u0131n &#8220;karde\u015f \u00fclkelerin&#8221; Netanyahu\u2019nun a\u00e7\u0131klamalar\u0131na kar\u015f\u0131 g\u00f6sterdi\u011fi yans\u0131y\u0131 memnuniyetle kar\u015f\u0131lad\u0131\u011f\u0131 tabir edildi. &#8220;Bu i\u015fgalci ve a\u015f\u0131r\u0131l\u0131k\u00e7\u0131 zihniyet, Filistin topraklar\u0131n\u0131n Filistin halk\u0131 i\u00e7in ta\u015f\u0131d\u0131\u011f\u0131 manevi, tarihi ve t\u00fczel k\u0131ymeti kavrayamamaktad\u0131r&#8221; denildi.<\/p>\n<p><b>F\u0130K\u0130R BABASI TRUMP<\/b><\/p>\n<p>Gazze\u2019deki Filistinlilerin gelece\u011fine dair tart\u0131\u015fmalar, ABD Ba\u015fkan\u0131 Donald Trump\u2019\u0131n Sal\u0131 g\u00fcn\u00fc yapt\u0131\u011f\u0131 s\u00fcrpriz a\u00e7\u0131klamayla yeni bir boyut kazand\u0131.<\/p>\n<p>Trump, Gazze \u015eeridi\u2019nin \u0130srail\u2019den al\u0131narak ABD denetimine girmesi gerekti\u011fini ve buran\u0131n, Filistinlilerin yerle\u015ftirilece\u011fi &#8220;Orta Do\u011fu\u2019nun Rivieras\u0131&#8221; olabilece\u011fini \u00f6ne s\u00fcrd\u00fc.<\/p>\n<p>Trump, Suudi Arabistan\u2019\u0131n \u0130srail ile diplomatik ba\u011flar\u0131 ola\u011fanla\u015ft\u0131rmak i\u00e7in bir Filistin devleti talep etmedi\u011fini \u00f6ne s\u00fcrm\u00fc\u015ft\u00fc.<\/p>\n<p>Ancak Riyad, Trump\u2019\u0131n kelamlar\u0131n\u0131 reddederek, Filistin devleti kurulmadan \u0130srail ile resmi ilgi kurulmayaca\u011f\u0131n\u0131 yineledi.<\/p>\n","protected":false},"excerpt":{"rendered":"<p>Suudi Arabistan, Netanyahu\u2019nun Filistinlilerin topraklar\u0131ndan \u00e7\u0131kar\u0131lmas\u0131na y\u00f6nelik a\u00e7\u0131klamalar\u0131n\u0131 sert bir lisanla reddetti. Riyad, Filistin devleti kurulmadan \u0130srail ile m\u00fcnasebetlerin normalle\u015fmeyece\u011fini vurgularken, Trump\u2019\u0131n Gazze\u2019yi ABD denetimine alma \u00f6nerisi b\u00f6lgedeki tansiyonu daha da art\u0131rd\u0131.<\/p>\n","protected":false},"author":1,"featured_media":31785,"comment_status":"open","ping_status":"open","sticky":false,"template":"","format":"standard","meta":{"footnotes":""},"categories":[43],"tags":[1754,80,1869,5302,131],"class_list":["post-31784","post","type-post","status-publish","format-standard","has-post-thumbnail","hentry","category-dunya","tag-filistin","tag-israil","tag-netanyahu","tag-suudi-arabistan","tag-trump"],"_links":{"self":[{"href":"https:\/\/ikimisli.tr\/index.php\/wp-json\/wp\/v2\/posts\/31784","targetHints":{"allow":["GET"]}}],"collection":[{"href":"https:\/\/ikimisli.tr\/index.php\/wp-json\/wp\/v2\/posts"}],"about":[{"href":"https:\/\/ikimisli.tr\/index.php\/wp-json\/wp\/v2\/types\/post"}],"author":[{"embeddable":true,"href":"https:\/\/ikimisli.tr\/index.php\/wp-json\/wp\/v2\/users\/1"}],"replies":[{"embeddable":true,"href":"https:\/\/ikimisli.tr\/index.php\/wp-json\/wp\/v2\/comments?post=31784"}],"version-history":[{"count":1,"href":"https:\/\/ikimisli.tr\/index.php\/wp-json\/wp\/v2\/posts\/31784\/revisions"}],"predecessor-version":[{"id":31786,"href":"https:\/\/ikimisli.tr\/index.php\/wp-json\/wp\/v2\/posts\/31784\/revisions\/31786"}],"wp:featuredmedia":[{"embeddable":true,"href":"https:\/\/ikimisli.tr\/index.php\/wp-json\/wp\/v2\/media\/31785"}],"wp:attachment":[{"href":"https:\/\/ikimisli.tr\/index.php\/wp-json\/wp\/v2\/media?parent=31784"}],"wp:term":[{"taxonomy":"category","embeddable":true,"href":"https:\/\/ikimisli.tr\/index.php\/wp-json\/wp\/v2\/categories?post=31784"},{"taxonomy":"post_tag","embeddable":true,"href":"https:\/\/ikimisli.tr\/index.php\/wp-json\/wp\/v2\/tags?post=31784"}],"curies":[{"name":"wp","href":"https:\/\/api.w.org\/{rel}","templated":true}]}}